{"id":9047,"date":"2024-09-07T15:29:42","date_gmt":"2024-09-07T13:29:42","guid":{"rendered":"https:\/\/www.lacgtmontreuil.fr\/?p=9047"},"modified":"2024-09-07T15:29:43","modified_gmt":"2024-09-07T13:29:43","slug":"je-tu-ul-n474-darasse-ton-univers-impitoyable","status":"publish","type":"post","link":"https:\/\/www.lacgtmontreuil.fr\/?p=9047","title":{"rendered":"Je, Tu, UL n\u00b0474 &#8211; \u00a0DARASSE, TON UNIVERS IMPITOYABLE"},"content":{"rendered":"\n<p>98, boulevard de la Boissi\u00e8re \u2013 Chez AUCHAN, le nouveau pr\u00e9sident Guillaume DARASSE n\u2019a gu\u00e8re la fibre sociale. Aux syndicats venus le rencontrer en juillet pour \u00e9voquer la souffrance des salari\u00e9-e-s, il n\u2019aura su r\u00e9pondre que sur la souffrance des actionnaires (en l\u2019occurrence la famille MULLIEZ, 4\u00e8me fortune de France) suite \u00e0 la d\u00e9gradation de la note de l\u2019entreprise, et sur ses solutions pour \u00ab lib\u00e9rer de l\u2019espace \u00bb dans les magasins \u00e0 coups de \u00ab d\u00e9cisions courageuses \u00bb. En clair : vous souffrez, on va d\u00e9graisser.\u00a0<\/p>\n","protected":false},"excerpt":{"rendered":"<p>98, boulevard de la Boissi\u00e8re \u2013 Chez AUCHAN, le nouveau pr\u00e9sident Guillaume DARASSE n\u2019a gu\u00e8re la fibre sociale. Aux syndicats venus le rencontrer en juillet pour \u00e9voquer la souffrance des salari\u00e9-e-s, il n\u2019aura su r\u00e9pondre que sur la souffrance des actionnaires (en l\u2019occurrence la famille MULLIEZ, 4\u00e8me fortune de France) suite \u00e0 la d\u00e9gradation de &hellip; <\/p>\n","protected":false},"author":19,"featured_media":0,"comment_status":"closed","ping_status":"open","sticky":false,"template":"","format":"standard","meta":{"footnotes":""},"categories":[2],"tags":[],"class_list":{"0":"entry","1":"post","2":"publish","3":"author-sebastien","4":"post-9047","6":"format-standard","7":"category-je-tu-ul"},"_links":{"self":[{"href":"https:\/\/www.lacgtmontreuil.fr\/index.php?rest_route=\/wp\/v2\/posts\/9047","targetHints":{"allow":["GET"]}}],"collection":[{"href":"https:\/\/www.lacgtmontreuil.fr\/index.php?rest_route=\/wp\/v2\/posts"}],"about":[{"href":"https:\/\/www.lacgtmontreuil.fr\/index.php?rest_route=\/wp\/v2\/types\/post"}],"author":[{"embeddable":true,"href":"https:\/\/www.lacgtmontreuil.fr\/index.php?rest_route=\/wp\/v2\/users\/19"}],"replies":[{"embeddable":true,"href":"https:\/\/www.lacgtmontreuil.fr\/index.php?rest_route=%2Fwp%2Fv2%2Fcomments&post=9047"}],"version-history":[{"count":1,"href":"https:\/\/www.lacgtmontreuil.fr\/index.php?rest_route=\/wp\/v2\/posts\/9047\/revisions"}],"predecessor-version":[{"id":9050,"href":"https:\/\/www.lacgtmontreuil.fr\/index.php?rest_route=\/wp\/v2\/posts\/9047\/revisions\/9050"}],"wp:attachment":[{"href":"https:\/\/www.lacgtmontreuil.fr\/index.php?rest_route=%2Fwp%2Fv2%2Fmedia&parent=9047"}],"wp:term":[{"taxonomy":"category","embeddable":true,"href":"https:\/\/www.lacgtmontreuil.fr\/index.php?rest_route=%2Fwp%2Fv2%2Fcategories&post=9047"},{"taxonomy":"post_tag","embeddable":true,"href":"https:\/\/www.lacgtmontreuil.fr\/index.php?rest_route=%2Fwp%2Fv2%2Ftags&post=9047"}],"curies":[{"name":"wp","href":"https:\/\/api.w.org\/{rel}","templated":true}]}}