{"id":8975,"date":"2024-07-07T20:28:16","date_gmt":"2024-07-07T18:28:16","guid":{"rendered":"https:\/\/www.lacgtmontreuil.fr\/?p=8975"},"modified":"2024-07-07T20:28:17","modified_gmt":"2024-07-07T18:28:17","slug":"je-tu-ul-n473-congres-reporte","status":"publish","type":"post","link":"https:\/\/www.lacgtmontreuil.fr\/?p=8975","title":{"rendered":"Je, Tu, UL n\u00b0473 &#8211;\u00a0CONGR\u00c8S REPORT\u00c9\u00a0"},"content":{"rendered":"\n<p>263, rue de Paris \u2013 A la CGT, le personnel de la Conf\u00e9d\u00e9ration a d\u00fb reporter le congr\u00e8s de son propre syndicat CGT au 26 septembre prochain, en raison des campagnes europ\u00e9ennes puis l\u00e9gislatives. Ce qui n\u2019a pas emp\u00each\u00e9 l\u2019AG des syndiqu\u00e9-e-s d\u2019\u00e9lire notre camarade Zo\u00e9 COUTIN comme nouvelle d\u00e9l\u00e9gu\u00e9e syndicale, afin d\u2019assurer la continuit\u00e9 de son bon fonctionnement. D\u00e9signation effective puis le 2 juillet !\u00a0<\/p>\n","protected":false},"excerpt":{"rendered":"<p>263, rue de Paris \u2013 A la CGT, le personnel de la Conf\u00e9d\u00e9ration a d\u00fb reporter le congr\u00e8s de son propre syndicat CGT au 26 septembre prochain, en raison des campagnes europ\u00e9ennes puis l\u00e9gislatives. Ce qui n\u2019a pas emp\u00each\u00e9 l\u2019AG des syndiqu\u00e9-e-s d\u2019\u00e9lire notre camarade Zo\u00e9 COUTIN comme nouvelle d\u00e9l\u00e9gu\u00e9e syndicale, afin d\u2019assurer la continuit\u00e9 &hellip; <\/p>\n","protected":false},"author":19,"featured_media":0,"comment_status":"closed","ping_status":"open","sticky":false,"template":"","format":"standard","meta":{"footnotes":""},"categories":[2],"tags":[],"class_list":{"0":"entry","1":"post","2":"publish","3":"author-sebastien","4":"post-8975","6":"format-standard","7":"category-je-tu-ul"},"_links":{"self":[{"href":"https:\/\/www.lacgtmontreuil.fr\/index.php?rest_route=\/wp\/v2\/posts\/8975","targetHints":{"allow":["GET"]}}],"collection":[{"href":"https:\/\/www.lacgtmontreuil.fr\/index.php?rest_route=\/wp\/v2\/posts"}],"about":[{"href":"https:\/\/www.lacgtmontreuil.fr\/index.php?rest_route=\/wp\/v2\/types\/post"}],"author":[{"embeddable":true,"href":"https:\/\/www.lacgtmontreuil.fr\/index.php?rest_route=\/wp\/v2\/users\/19"}],"replies":[{"embeddable":true,"href":"https:\/\/www.lacgtmontreuil.fr\/index.php?rest_route=%2Fwp%2Fv2%2Fcomments&post=8975"}],"version-history":[{"count":1,"href":"https:\/\/www.lacgtmontreuil.fr\/index.php?rest_route=\/wp\/v2\/posts\/8975\/revisions"}],"predecessor-version":[{"id":8977,"href":"https:\/\/www.lacgtmontreuil.fr\/index.php?rest_route=\/wp\/v2\/posts\/8975\/revisions\/8977"}],"wp:attachment":[{"href":"https:\/\/www.lacgtmontreuil.fr\/index.php?rest_route=%2Fwp%2Fv2%2Fmedia&parent=8975"}],"wp:term":[{"taxonomy":"category","embeddable":true,"href":"https:\/\/www.lacgtmontreuil.fr\/index.php?rest_route=%2Fwp%2Fv2%2Fcategories&post=8975"},{"taxonomy":"post_tag","embeddable":true,"href":"https:\/\/www.lacgtmontreuil.fr\/index.php?rest_route=%2Fwp%2Fv2%2Ftags&post=8975"}],"curies":[{"name":"wp","href":"https:\/\/api.w.org\/{rel}","templated":true}]}}