{"id":8971,"date":"2024-07-07T20:27:44","date_gmt":"2024-07-07T18:27:44","guid":{"rendered":"https:\/\/www.lacgtmontreuil.fr\/?p=8971"},"modified":"2024-07-07T20:27:45","modified_gmt":"2024-07-07T18:27:45","slug":"je-tu-ul-n473-vacances-des-retraites","status":"publish","type":"post","link":"https:\/\/www.lacgtmontreuil.fr\/?p=8971","title":{"rendered":"Je, Tu, UL n\u00b0473 &#8211; \u00a0VACANCES DES RETRAIT\u00c8S"},"content":{"rendered":"\n<p>\u00a024, rue de Paris \u2013 Le syndicat CGT des RETRAIT\u00c9S de Montreuil s\u2019est positionn\u00e9 juste avant les cong\u00e9s pour appeler \u00e0 ce que \u00ab pas une voix \u00bb n\u2019aille au RN. Pour cet \u00e9t\u00e9, il suspend sa permanence du 10 juillet au 31 ao\u00fbt et la reprendra en septembre, les mercredis apr\u00e8s-midi au lieu des mardis.\u00a0<\/p>\n","protected":false},"excerpt":{"rendered":"<p>\u00a024, rue de Paris \u2013 Le syndicat CGT des RETRAIT\u00c9S de Montreuil s\u2019est positionn\u00e9 juste avant les cong\u00e9s pour appeler \u00e0 ce que \u00ab pas une voix \u00bb n\u2019aille au RN. Pour cet \u00e9t\u00e9, il suspend sa permanence du 10 juillet au 31 ao\u00fbt et la reprendra en septembre, les mercredis apr\u00e8s-midi au lieu des &hellip; <\/p>\n","protected":false},"author":19,"featured_media":0,"comment_status":"closed","ping_status":"open","sticky":false,"template":"","format":"standard","meta":{"footnotes":""},"categories":[2],"tags":[],"class_list":{"0":"entry","1":"post","2":"publish","3":"author-sebastien","4":"post-8971","6":"format-standard","7":"category-je-tu-ul"},"_links":{"self":[{"href":"https:\/\/www.lacgtmontreuil.fr\/index.php?rest_route=\/wp\/v2\/posts\/8971","targetHints":{"allow":["GET"]}}],"collection":[{"href":"https:\/\/www.lacgtmontreuil.fr\/index.php?rest_route=\/wp\/v2\/posts"}],"about":[{"href":"https:\/\/www.lacgtmontreuil.fr\/index.php?rest_route=\/wp\/v2\/types\/post"}],"author":[{"embeddable":true,"href":"https:\/\/www.lacgtmontreuil.fr\/index.php?rest_route=\/wp\/v2\/users\/19"}],"replies":[{"embeddable":true,"href":"https:\/\/www.lacgtmontreuil.fr\/index.php?rest_route=%2Fwp%2Fv2%2Fcomments&post=8971"}],"version-history":[{"count":1,"href":"https:\/\/www.lacgtmontreuil.fr\/index.php?rest_route=\/wp\/v2\/posts\/8971\/revisions"}],"predecessor-version":[{"id":8973,"href":"https:\/\/www.lacgtmontreuil.fr\/index.php?rest_route=\/wp\/v2\/posts\/8971\/revisions\/8973"}],"wp:attachment":[{"href":"https:\/\/www.lacgtmontreuil.fr\/index.php?rest_route=%2Fwp%2Fv2%2Fmedia&parent=8971"}],"wp:term":[{"taxonomy":"category","embeddable":true,"href":"https:\/\/www.lacgtmontreuil.fr\/index.php?rest_route=%2Fwp%2Fv2%2Fcategories&post=8971"},{"taxonomy":"post_tag","embeddable":true,"href":"https:\/\/www.lacgtmontreuil.fr\/index.php?rest_route=%2Fwp%2Fv2%2Ftags&post=8971"}],"curies":[{"name":"wp","href":"https:\/\/api.w.org\/{rel}","templated":true}]}}