{"id":8963,"date":"2024-07-07T20:26:23","date_gmt":"2024-07-07T18:26:23","guid":{"rendered":"https:\/\/www.lacgtmontreuil.fr\/?p=8963"},"modified":"2024-07-07T20:26:23","modified_gmt":"2024-07-07T18:26:23","slug":"je-tu-ul-n473-le-fam-reprend-la-flamme","status":"publish","type":"post","link":"https:\/\/www.lacgtmontreuil.fr\/?p=8963","title":{"rendered":"Je, Tu, UL n\u00b0473 &#8211; \u00a0LE FAM REPREND LA FLAMME"},"content":{"rendered":"\n<p>\u00a019, rue des Bons Plants \u2013 Au FAM-APAJH de Montreuil, d\u00e9sormais int\u00e9gr\u00e9 \u00e0 l\u2019association APAJH d\u00e9partementale, c\u2019est notre camarade Nawel OUNIS qui vient d\u2019\u00eatre d\u00e9sign\u00e9e comme d\u00e9l\u00e9gu\u00e9e syndicale CGT du nouveau p\u00e9rim\u00e8tre, le 1er juillet 2024. Certainement pas une sin\u00e9cure\u2026\u00a0<\/p>\n","protected":false},"excerpt":{"rendered":"<p>\u00a019, rue des Bons Plants \u2013 Au FAM-APAJH de Montreuil, d\u00e9sormais int\u00e9gr\u00e9 \u00e0 l\u2019association APAJH d\u00e9partementale, c\u2019est notre camarade Nawel OUNIS qui vient d\u2019\u00eatre d\u00e9sign\u00e9e comme d\u00e9l\u00e9gu\u00e9e syndicale CGT du nouveau p\u00e9rim\u00e8tre, le 1er juillet 2024. Certainement pas une sin\u00e9cure\u2026\u00a0<\/p>\n","protected":false},"author":19,"featured_media":0,"comment_status":"closed","ping_status":"open","sticky":false,"template":"","format":"standard","meta":{"footnotes":""},"categories":[2],"tags":[],"class_list":{"0":"entry","1":"post","2":"publish","3":"author-sebastien","4":"post-8963","6":"format-standard","7":"category-je-tu-ul"},"_links":{"self":[{"href":"https:\/\/www.lacgtmontreuil.fr\/index.php?rest_route=\/wp\/v2\/posts\/8963","targetHints":{"allow":["GET"]}}],"collection":[{"href":"https:\/\/www.lacgtmontreuil.fr\/index.php?rest_route=\/wp\/v2\/posts"}],"about":[{"href":"https:\/\/www.lacgtmontreuil.fr\/index.php?rest_route=\/wp\/v2\/types\/post"}],"author":[{"embeddable":true,"href":"https:\/\/www.lacgtmontreuil.fr\/index.php?rest_route=\/wp\/v2\/users\/19"}],"replies":[{"embeddable":true,"href":"https:\/\/www.lacgtmontreuil.fr\/index.php?rest_route=%2Fwp%2Fv2%2Fcomments&post=8963"}],"version-history":[{"count":1,"href":"https:\/\/www.lacgtmontreuil.fr\/index.php?rest_route=\/wp\/v2\/posts\/8963\/revisions"}],"predecessor-version":[{"id":8965,"href":"https:\/\/www.lacgtmontreuil.fr\/index.php?rest_route=\/wp\/v2\/posts\/8963\/revisions\/8965"}],"wp:attachment":[{"href":"https:\/\/www.lacgtmontreuil.fr\/index.php?rest_route=%2Fwp%2Fv2%2Fmedia&parent=8963"}],"wp:term":[{"taxonomy":"category","embeddable":true,"href":"https:\/\/www.lacgtmontreuil.fr\/index.php?rest_route=%2Fwp%2Fv2%2Fcategories&post=8963"},{"taxonomy":"post_tag","embeddable":true,"href":"https:\/\/www.lacgtmontreuil.fr\/index.php?rest_route=%2Fwp%2Fv2%2Ftags&post=8963"}],"curies":[{"name":"wp","href":"https:\/\/api.w.org\/{rel}","templated":true}]}}