{"id":886,"date":"2018-02-18T18:13:12","date_gmt":"2018-02-18T17:13:12","guid":{"rendered":"http:\/\/www.lacgtmontreuil.fr\/?p=886"},"modified":"2018-02-18T18:13:12","modified_gmt":"2018-02-18T17:13:12","slug":"je-tu-ul-debut-decembre-2013-n-150","status":"publish","type":"post","link":"https:\/\/www.lacgtmontreuil.fr\/?p=886","title":{"rendered":"Je, Tu, UL\u2026  D\u00e9but D\u00e9cembre 2013  N\u00b0 150"},"content":{"rendered":"<p><strong> Les br\u00e8ves de l\u2019UL CGT de Montreuil, 24, rue de Paris<\/strong><\/p>\n<p><img loading=\"lazy\" decoding=\"async\" width=\"109\" height=\"155\" class=\"wp-image-887\" src=\"https:\/\/www.lacgtmontreuil.fr\/wp-content\/uploads\/2018\/02\/logo_cgt-111.jpeg\" alt=\"logo_cgt\" \/>\u00a0\u00a0 <strong>Je, Tu, UL\u2026\u00a0 D\u00e9but D\u00e9cembre 2013\u00a0 N\u00b0 150<\/strong><\/p>\n<p><em>\u00ab\u00a0L\u2019allongement des dur\u00e9es de cotisation\u00a0: pour rallonger les retraites-chapeaux\u00a0?\u00a0\u00bb <\/em><\/p>\n<p><strong>QUAND LES HUISSIERS FONT LE SI\u00c8GE :<\/strong> 240, rue de Rosny \u2013 \u00c7a ne s\u2019arrange chez QUINETTE-GALLAY, le fabricant de fauteuils de cin\u00e9ma, dirig\u00e9 par le responsable du MEDEF 93. Pour le Comit\u00e9 d\u2019Entreprise, la dette exigible serait de 7 millions d\u2019euros et vendredi 29 novembre, les huissiers ont d\u00e9j\u00e0 voulu saisir les machines\u00a0: cette semaine, les 80 salari\u00e9s de Montreuil attendront de pied ferme les explications de leur PDG\u2026 dont les discours l\u00e9nifiants se heurtent aux r\u00e9alit\u00e9s de sa gestion.<\/p>\n<p><strong>LA CGT EN BONNE ROUTE :<\/strong> 155, rue de Rosny \u2013 Chez FASTROAD, la mise en place des d\u00e9l\u00e9gu\u00e9s du personnel dans cette entreprise \u00ab\u00a0sociale\u00a0\u00bb de transport, se solde par l\u2019\u00e9lection de nos camarades Dany PELACHAUD \u2013 qui devrait \u00eatre d\u00e9sign\u00e9 comme d\u00e9l\u00e9gu\u00e9 syndical CGT \u2013 et Pierre ORTEGA. D\u00e8s avant le 2<sup>\u00e8me<\/sup> tour du 29 novembre, la section CGT avait en effet conquis sa repr\u00e9sentativit\u00e9 \u00e0 100%. Des r\u00e9sultats que le patron, qui vantait encore dimanche dernier son management solidaire sur \u00ab\u00a0France-Info\u00a0\u00bb\u2026 n\u2019a gu\u00e8re comment\u00e9s. Bizarre\u00a0!<\/p>\n<p><strong>EMMA\u00dcS EN EMOI :<\/strong> 47, avenue de La R\u00e9sistance \u2013 A l\u2019Association des Communaut\u00e9s d\u2019Emma\u00fcs (ACE), pouss\u00e9 \u00e0 bout par un management pathog\u00e8ne, Philippe, d\u00e9l\u00e9gu\u00e9 SUD, avait entam\u00e9 une gr\u00e8ve de la faim la semaine derni\u00e8re. Mobilis\u00e9e autour de lui, l\u2019intersyndicale d\u2019Emma\u00fcs-France regroupant CGT, SUD et FO, exigeait une m\u00e9diation afin de sortir de ce conflit par le haut. Ce samedi 30 novembre, Christophe DELTOMBE, ancien pr\u00e9sident d\u2019Emma\u00fcs, \u00e9tait enfin accept\u00e9 comme facilitateur et un accord \u00e9tait trouv\u00e9, au 9<sup>\u00e8me<\/sup> jour.<\/p>\n<p><strong>AERO-CHEFS\u00a0:<\/strong> 30, avenue L\u00e9on Gaumont \u2013 AIR-FRANCE\/KLM qui annonce 2800 nouvelles suppressions d\u2019emplois pour la 2<sup>\u00e8me<\/sup> \u00e9tape de son plan Transform 2015\u2026 ne pouvait faire moins que PSA en mati\u00e8re de retraites-chapeaux. C\u2019est ce qu\u2019ont rappel\u00e9 les syndicats, qui ont calcul\u00e9 que l\u2019entreprise, avec l\u2019approbation de l\u2019Etat-actionnaire, a provisionn\u00e9 119 millions d\u2019euros pour ses 37 dirigeants, en cas de coup de chapeau\u00a0: avec la mention \u00ab\u00a0sp\u00e9cialiste du vol\u00a0\u00bb sur leur CV\u00a0?<\/p>\n<p><strong>T\u2019ES PAS SI NEUF :<\/strong> 3, rue Franklin \u2013 La tour T9 (ex-tour URSSAF) serait \u00e0 moiti\u00e9 vide sur ses 30 \u00e9tages sans les 5 derniers occup\u00e9s \u00ab\u00a0provisoirement\u00a0\u00bb par une partie des salari\u00e9s de l\u2019AFPA\u2026 dans des locaux exigeant au minimum une remise en \u00e9tat. Outre un loyer hors de prix, la CGT de l\u2019AFPA d\u00e9nonce un co\u00fbt de 18 millions d\u2019euros suppl\u00e9mentaires, cons\u00e9quence de la d\u00e9cision de reconduire le bail jusqu\u2019en 2022, sans prise en compte des co\u00fbts annexes, ni des v\u0153ux du personnel de travailler dans de meilleures conditions.<\/p>\n","protected":false},"excerpt":{"rendered":"<p>Les br\u00e8ves de l\u2019UL CGT de Montreuil, 24, rue de Paris \u00a0\u00a0 Je, Tu, UL\u2026\u00a0 D\u00e9but D\u00e9cembre 2013\u00a0 N\u00b0 150 \u00ab\u00a0L\u2019allongement des dur\u00e9es de cotisation\u00a0: pour rallonger les retraites-chapeaux\u00a0?\u00a0\u00bb QUAND LES HUISSIERS FONT LE SI\u00c8GE : 240, rue de Rosny \u2013 \u00c7a ne s\u2019arrange chez QUINETTE-GALLAY, le fabricant de fauteuils de cin\u00e9ma, dirig\u00e9 par le &hellip; <\/p>\n","protected":false},"author":1,"featured_media":0,"comment_status":"closed","ping_status":"open","sticky":false,"template":"","format":"standard","meta":{"footnotes":""},"categories":[2],"tags":[],"class_list":{"0":"entry","1":"post","2":"publish","3":"author-ulmontreuil","4":"post-886","6":"format-standard","7":"category-je-tu-ul"},"_links":{"self":[{"href":"https:\/\/www.lacgtmontreuil.fr\/index.php?rest_route=\/wp\/v2\/posts\/886","targetHints":{"allow":["GET"]}}],"collection":[{"href":"https:\/\/www.lacgtmontreuil.fr\/index.php?rest_route=\/wp\/v2\/posts"}],"about":[{"href":"https:\/\/www.lacgtmontreuil.fr\/index.php?rest_route=\/wp\/v2\/types\/post"}],"author":[{"embeddable":true,"href":"https:\/\/www.lacgtmontreuil.fr\/index.php?rest_route=\/wp\/v2\/users\/1"}],"replies":[{"embeddable":true,"href":"https:\/\/www.lacgtmontreuil.fr\/index.php?rest_route=%2Fwp%2Fv2%2Fcomments&post=886"}],"version-history":[{"count":1,"href":"https:\/\/www.lacgtmontreuil.fr\/index.php?rest_route=\/wp\/v2\/posts\/886\/revisions"}],"predecessor-version":[{"id":888,"href":"https:\/\/www.lacgtmontreuil.fr\/index.php?rest_route=\/wp\/v2\/posts\/886\/revisions\/888"}],"wp:attachment":[{"href":"https:\/\/www.lacgtmontreuil.fr\/index.php?rest_route=%2Fwp%2Fv2%2Fmedia&parent=886"}],"wp:term":[{"taxonomy":"category","embeddable":true,"href":"https:\/\/www.lacgtmontreuil.fr\/index.php?rest_route=%2Fwp%2Fv2%2Fcategories&post=886"},{"taxonomy":"post_tag","embeddable":true,"href":"https:\/\/www.lacgtmontreuil.fr\/index.php?rest_route=%2Fwp%2Fv2%2Ftags&post=886"}],"curies":[{"name":"wp","href":"https:\/\/api.w.org\/{rel}","templated":true}]}}