{"id":8835,"date":"2024-05-25T18:24:36","date_gmt":"2024-05-25T16:24:36","guid":{"rendered":"https:\/\/www.lacgtmontreuil.fr\/?p=8835"},"modified":"2024-05-25T18:24:36","modified_gmt":"2024-05-25T16:24:36","slug":"je-tu-ul-n469-ibis-le-bec-dans-leau","status":"publish","type":"post","link":"https:\/\/www.lacgtmontreuil.fr\/?p=8835","title":{"rendered":"Je, Tu, UL n\u00b0469 &#8211; \u00a0IBIS LE BEC DANS L\u2019EAU"},"content":{"rendered":"\n<p>2, avenue du Professeur Andr\u00e9 Lemierre \u2013 A l\u2019H\u00d4TEL IBIS PORTE DE MONTREUIL, les \u00e9lections CSE sont un sport de combat. D\u00e8s le d\u00e9p\u00f4t des listes CGT, la direction avait affich\u00e9 sa candidature pour le 2\u00e8me tour et r\u00e9uni les \u00e9quipes pour inciter \u00e0 l\u2019abstention. Manoeuvres d\u00e9jou\u00e9es par la CGT qui, sur 23 inscrits et 17 votants, obtient 14 voix pour notre camarade St\u00e9phane GUILLEMARD, et 17 pour sa suppl\u00e9ante Fatima BENAMARA, tous deux \u00e9lus d\u00e8s le 1er tour.\u00a0<\/p>\n","protected":false},"excerpt":{"rendered":"<p>2, avenue du Professeur Andr\u00e9 Lemierre \u2013 A l\u2019H\u00d4TEL IBIS PORTE DE MONTREUIL, les \u00e9lections CSE sont un sport de combat. D\u00e8s le d\u00e9p\u00f4t des listes CGT, la direction avait affich\u00e9 sa candidature pour le 2\u00e8me tour et r\u00e9uni les \u00e9quipes pour inciter \u00e0 l\u2019abstention. Manoeuvres d\u00e9jou\u00e9es par la CGT qui, sur 23 inscrits et &hellip; <\/p>\n","protected":false},"author":19,"featured_media":0,"comment_status":"closed","ping_status":"open","sticky":false,"template":"","format":"standard","meta":{"footnotes":""},"categories":[2],"tags":[],"class_list":{"0":"entry","1":"post","2":"publish","3":"author-sebastien","4":"post-8835","6":"format-standard","7":"category-je-tu-ul"},"_links":{"self":[{"href":"https:\/\/www.lacgtmontreuil.fr\/index.php?rest_route=\/wp\/v2\/posts\/8835","targetHints":{"allow":["GET"]}}],"collection":[{"href":"https:\/\/www.lacgtmontreuil.fr\/index.php?rest_route=\/wp\/v2\/posts"}],"about":[{"href":"https:\/\/www.lacgtmontreuil.fr\/index.php?rest_route=\/wp\/v2\/types\/post"}],"author":[{"embeddable":true,"href":"https:\/\/www.lacgtmontreuil.fr\/index.php?rest_route=\/wp\/v2\/users\/19"}],"replies":[{"embeddable":true,"href":"https:\/\/www.lacgtmontreuil.fr\/index.php?rest_route=%2Fwp%2Fv2%2Fcomments&post=8835"}],"version-history":[{"count":1,"href":"https:\/\/www.lacgtmontreuil.fr\/index.php?rest_route=\/wp\/v2\/posts\/8835\/revisions"}],"predecessor-version":[{"id":8838,"href":"https:\/\/www.lacgtmontreuil.fr\/index.php?rest_route=\/wp\/v2\/posts\/8835\/revisions\/8838"}],"wp:attachment":[{"href":"https:\/\/www.lacgtmontreuil.fr\/index.php?rest_route=%2Fwp%2Fv2%2Fmedia&parent=8835"}],"wp:term":[{"taxonomy":"category","embeddable":true,"href":"https:\/\/www.lacgtmontreuil.fr\/index.php?rest_route=%2Fwp%2Fv2%2Fcategories&post=8835"},{"taxonomy":"post_tag","embeddable":true,"href":"https:\/\/www.lacgtmontreuil.fr\/index.php?rest_route=%2Fwp%2Fv2%2Ftags&post=8835"}],"curies":[{"name":"wp","href":"https:\/\/api.w.org\/{rel}","templated":true}]}}