{"id":883,"date":"2018-02-18T18:11:09","date_gmt":"2018-02-18T17:11:09","guid":{"rendered":"http:\/\/www.lacgtmontreuil.fr\/?p=883"},"modified":"2018-02-18T18:11:09","modified_gmt":"2018-02-18T17:11:09","slug":"je-tu-ul-fin-novembre-2013-n-149","status":"publish","type":"post","link":"https:\/\/www.lacgtmontreuil.fr\/?p=883","title":{"rendered":"Je, Tu, UL\u2026  Fin Novembre 2013  N\u00b0 149"},"content":{"rendered":"<p><strong> Les br\u00e8ves de l\u2019UL CGT de Montreuil, 24, rue de Paris<\/strong><\/p>\n<p><img loading=\"lazy\" decoding=\"async\" width=\"109\" height=\"155\" class=\"wp-image-884\" src=\"https:\/\/www.lacgtmontreuil.fr\/wp-content\/uploads\/2018\/02\/logo_cgt-110.jpeg\" alt=\"logo_cgt\" \/>\u00a0\u00a0 <strong>Je, Tu, UL\u2026\u00a0 Fin Novembre 2013\u00a0 N\u00b0 149<\/strong><\/p>\n<p><em>\u00a0\u00bb Le co\u00fbt qu\u2019il faut tordre, c\u2019est celui du capital \u00a0\u00bb <\/em><\/p>\n<p><strong>LE BLUES APR\u00c8S LES RYTHMES :<\/strong> Place Jean Jaur\u00e8s \u2013 Devant la Mairie et dans la salle du Conseil Municipal, ce sont 400 opposants au changement des rythmes scolaires qui se sont retrouv\u00e9 ce jeudi 21 \u00e0 19h00. Ensembles, parents d\u2019\u00e9l\u00e8ves, enseignants et salari\u00e9s de la Ville entendaient d\u00e9noncer le choix d\u2019appliquer sans aucun moyen suppl\u00e9mentaire en 2014 cette r\u00e9forme \u00e0 Montreuil. Faisant fi des interventions tant de l\u2019Intersyndicale, que de la FCPE, les \u00e9lus municipaux adopteront par 31 voix contre 19 les nouveaux rythmes\u00a0: une nouvelle gr\u00e8ve est programm\u00e9e le 5 d\u00e9cembre contre les d\u00e9g\u00e2ts pr\u00e9visibles de cette r\u00e9forme b\u00e2cl\u00e9e.<\/p>\n<p><strong>APRIA MOBILISE :<\/strong> 2, rue des Longs Quartiers \u2013 Chez APRIA, c\u2019est tout un pan de l\u2019activit\u00e9 qui est aujourd\u2019hui menac\u00e9 par un article 64 du projet de loi de Finances de la S\u00e9curit\u00e9 Sociale. Cet article 64, sous couvert de \u00ab\u00a0rationalisation\u00a0\u00bb, pr\u00e9voit le transfert \u00e0 la MSA des 260 emplois d\u2019APRIA consacr\u00e9s \u00e0 l\u2019assurance-maladie des exploitants agricoles. Inacceptable pour les syndicats qui manifestaient \u00e0 plus de 200 le 21 novembre, pour \u00eatre re\u00e7us au si\u00e8ge du Parti Socialiste et mettre en garde la majorit\u00e9 parlementaire contre cet article intempestif.<\/p>\n<p><strong>ROBINSONS QUERELLEURS\u2026\u00a0:<\/strong> 49, rue de Raspail \u2013 Aux NOUVEAUX ROBINSONS, notre camarade Didier MONGUILLON, \u00e9lu CGT des cadres au Comit\u00e9 d\u2019Entreprise, \u00e9tait sous le coup d\u2019une demande de licenciement pour \u00ab\u00a0inaptitude\u00a0\u00bb. Apr\u00e8s enqu\u00eate contradictoire, l\u2019Inspection du Travail rel\u00e8ve que l\u2019inaptitude n\u2019est pas sans lien avec le contexte \u00ab\u00a0conflictuel\u00a0\u00bb qui r\u00e8gne dans l\u2019entreprise et que les proc\u00e9dures employ\u00e9es sont irr\u00e9guli\u00e8res\u00a0: licenciement refus\u00e9. Nouveau courrier adress\u00e9 le jour m\u00eame \u00e0 Didier par la direction\u00a0: la proc\u00e9dure est relanc\u00e9e\u00a0!<\/p>\n<p><strong>\u2026 ET MEDEF CASSEUR\u00a0:<\/strong> 240, rue de Rosny \u2013 QUINETTE-GALLAY, num\u00e9ro 1 mondial des si\u00e8ges de cin\u00e9ma, a \u00e9galement \u00e0 sa t\u00eate le n\u00b01 du MEDEF de Seine-Saint-Denis. L\u2019endettement de cette entreprise (URSSAF, fournisseurs, etc\u2026), qui prosp\u00e8re depuis 1947, fait aujourd\u2019hui douter le personnel de son avenir. A l\u2019initiative de notre camarade Omar KHETTAL, une assembl\u00e9e du personnel \u00e9tait convoqu\u00e9e vendredi 22, en pr\u00e9sence de l\u2019UL-CGT, face aux menaces sur la p\u00e9rennit\u00e9 du dernier site industriel de ce quartier.<\/p>\n<p><strong>EMPLOIS-PARKING :<\/strong> 2, boulevard Chanzy \u2013 M2S, la soci\u00e9t\u00e9 d\u2019\u00e9conomie mixte qui g\u00e9rait les parkings de Montreuil, est en voie de dissolution, suite \u00e0 une d\u00e9cision de la Municipalit\u00e9 de transf\u00e9rer les parkings et ses gardiens \u00e0 la soci\u00e9t\u00e9 EFFIA. Reste que, selon la note de la pr\u00e9sidente \u00ab\u00a0pour les personnels administratifs tout reclassement est \u00e0 terme impossible\u00a0\u00bb\u2026 sauf en CDD, ce que refusent les 2 derni\u00e8res salari\u00e9es dont notre camarade Halina DELIMAT, charg\u00e9es d\u2019exp\u00e9dier les affaires courantes\u00a0!<\/p>\n","protected":false},"excerpt":{"rendered":"<p>Les br\u00e8ves de l\u2019UL CGT de Montreuil, 24, rue de Paris \u00a0\u00a0 Je, Tu, UL\u2026\u00a0 Fin Novembre 2013\u00a0 N\u00b0 149 \u00a0\u00bb Le co\u00fbt qu\u2019il faut tordre, c\u2019est celui du capital \u00a0\u00bb LE BLUES APR\u00c8S LES RYTHMES : Place Jean Jaur\u00e8s \u2013 Devant la Mairie et dans la salle du Conseil Municipal, ce sont 400 opposants &hellip; <\/p>\n","protected":false},"author":1,"featured_media":0,"comment_status":"closed","ping_status":"open","sticky":false,"template":"","format":"standard","meta":{"footnotes":""},"categories":[2],"tags":[],"class_list":{"0":"entry","1":"post","2":"publish","3":"author-ulmontreuil","4":"post-883","6":"format-standard","7":"category-je-tu-ul"},"_links":{"self":[{"href":"https:\/\/www.lacgtmontreuil.fr\/index.php?rest_route=\/wp\/v2\/posts\/883","targetHints":{"allow":["GET"]}}],"collection":[{"href":"https:\/\/www.lacgtmontreuil.fr\/index.php?rest_route=\/wp\/v2\/posts"}],"about":[{"href":"https:\/\/www.lacgtmontreuil.fr\/index.php?rest_route=\/wp\/v2\/types\/post"}],"author":[{"embeddable":true,"href":"https:\/\/www.lacgtmontreuil.fr\/index.php?rest_route=\/wp\/v2\/users\/1"}],"replies":[{"embeddable":true,"href":"https:\/\/www.lacgtmontreuil.fr\/index.php?rest_route=%2Fwp%2Fv2%2Fcomments&post=883"}],"version-history":[{"count":1,"href":"https:\/\/www.lacgtmontreuil.fr\/index.php?rest_route=\/wp\/v2\/posts\/883\/revisions"}],"predecessor-version":[{"id":885,"href":"https:\/\/www.lacgtmontreuil.fr\/index.php?rest_route=\/wp\/v2\/posts\/883\/revisions\/885"}],"wp:attachment":[{"href":"https:\/\/www.lacgtmontreuil.fr\/index.php?rest_route=%2Fwp%2Fv2%2Fmedia&parent=883"}],"wp:term":[{"taxonomy":"category","embeddable":true,"href":"https:\/\/www.lacgtmontreuil.fr\/index.php?rest_route=%2Fwp%2Fv2%2Fcategories&post=883"},{"taxonomy":"post_tag","embeddable":true,"href":"https:\/\/www.lacgtmontreuil.fr\/index.php?rest_route=%2Fwp%2Fv2%2Ftags&post=883"}],"curies":[{"name":"wp","href":"https:\/\/api.w.org\/{rel}","templated":true}]}}