{"id":8814,"date":"2024-05-19T07:37:41","date_gmt":"2024-05-19T05:37:41","guid":{"rendered":"https:\/\/www.lacgtmontreuil.fr\/?p=8814"},"modified":"2024-05-19T07:37:42","modified_gmt":"2024-05-19T05:37:42","slug":"je-tu-ul-n468-pour-un-choc-des-moyens","status":"publish","type":"post","link":"https:\/\/www.lacgtmontreuil.fr\/?p=8814","title":{"rendered":"Je, TU, UL n\u00b0468 &#8211; \u00a0POUR UN CHOC DES MOYENS"},"content":{"rendered":"\n<p><strong> <\/strong>1, rue Dombasle \u2013 LYCEES et COLLEGES \u00e9taient \u00e0 nouveau en gr\u00e8ve mardi 14, dans le cadre de l\u2019appel national des syndicats d\u2019enseignants CGT, FO, FSU et SUD contre le tri des \u00e9l\u00e8ves induit par le \u00ab choc des savoirs \u00bb et pour un plan d\u2019urgence d\u00e9partemental pour la remise \u00e0 niveau de l\u2019\u00e9ducation en Seine-Saint-Denis. Une piq\u00fbre de rappel pour Madame BELLOUBET avant la grande manifestation pr\u00e9vue samedi 25 mai \u00e0 laquelle appellent conjointement l\u2019intersyndicale de l\u2019Education Nationale et les organisations repr\u00e9sentatives des parents d\u2019\u00e9l\u00e8ve.\u00a0<\/p>\n","protected":false},"excerpt":{"rendered":"<p>1, rue Dombasle \u2013 LYCEES et COLLEGES \u00e9taient \u00e0 nouveau en gr\u00e8ve mardi 14, dans le cadre de l\u2019appel national des syndicats d\u2019enseignants CGT, FO, FSU et SUD contre le tri des \u00e9l\u00e8ves induit par le \u00ab choc des savoirs \u00bb et pour un plan d\u2019urgence d\u00e9partemental pour la remise \u00e0 niveau de l\u2019\u00e9ducation en &hellip; <\/p>\n","protected":false},"author":19,"featured_media":0,"comment_status":"closed","ping_status":"open","sticky":false,"template":"","format":"standard","meta":{"footnotes":""},"categories":[2],"tags":[],"class_list":{"0":"entry","1":"post","2":"publish","3":"author-sebastien","4":"post-8814","6":"format-standard","7":"category-je-tu-ul"},"_links":{"self":[{"href":"https:\/\/www.lacgtmontreuil.fr\/index.php?rest_route=\/wp\/v2\/posts\/8814","targetHints":{"allow":["GET"]}}],"collection":[{"href":"https:\/\/www.lacgtmontreuil.fr\/index.php?rest_route=\/wp\/v2\/posts"}],"about":[{"href":"https:\/\/www.lacgtmontreuil.fr\/index.php?rest_route=\/wp\/v2\/types\/post"}],"author":[{"embeddable":true,"href":"https:\/\/www.lacgtmontreuil.fr\/index.php?rest_route=\/wp\/v2\/users\/19"}],"replies":[{"embeddable":true,"href":"https:\/\/www.lacgtmontreuil.fr\/index.php?rest_route=%2Fwp%2Fv2%2Fcomments&post=8814"}],"version-history":[{"count":1,"href":"https:\/\/www.lacgtmontreuil.fr\/index.php?rest_route=\/wp\/v2\/posts\/8814\/revisions"}],"predecessor-version":[{"id":8817,"href":"https:\/\/www.lacgtmontreuil.fr\/index.php?rest_route=\/wp\/v2\/posts\/8814\/revisions\/8817"}],"wp:attachment":[{"href":"https:\/\/www.lacgtmontreuil.fr\/index.php?rest_route=%2Fwp%2Fv2%2Fmedia&parent=8814"}],"wp:term":[{"taxonomy":"category","embeddable":true,"href":"https:\/\/www.lacgtmontreuil.fr\/index.php?rest_route=%2Fwp%2Fv2%2Fcategories&post=8814"},{"taxonomy":"post_tag","embeddable":true,"href":"https:\/\/www.lacgtmontreuil.fr\/index.php?rest_route=%2Fwp%2Fv2%2Ftags&post=8814"}],"curies":[{"name":"wp","href":"https:\/\/api.w.org\/{rel}","templated":true}]}}