{"id":8808,"date":"2024-05-19T07:36:46","date_gmt":"2024-05-19T05:36:46","guid":{"rendered":"https:\/\/www.lacgtmontreuil.fr\/?p=8808"},"modified":"2024-05-19T07:36:47","modified_gmt":"2024-05-19T05:36:47","slug":"je-tu-ul-n468-passage-difficile-a-pacyl","status":"publish","type":"post","link":"https:\/\/www.lacgtmontreuil.fr\/?p=8808","title":{"rendered":"Je, Tu, UL n\u00b0468 &#8211; \u00a0PASSAGE DIFFICILE \u00c1 PACYL"},"content":{"rendered":"\n<p>PACYL 3 est le nom du repreneur du Carrefour de la Porte de Montreuil. Pour le personnel, le transfert vers cette nouvelle soci\u00e9t\u00e9 se fait dans la douleur avec un accord de transposition adopt\u00e9 par FO et la CFDT mais que refuse de signer notre camarade Thiaba SECK, d\u00e9l\u00e9gu\u00e9e syndicale CGT du magasin, car il ent\u00e9rine l\u2019abandon de la 6\u00e8me semaine de cong\u00e9 pay\u00e9, fige l\u2019anciennet\u00e9 et ouvre le nombre des nocturnes. A la direction qui s\u2019\u00e9tonnait du cavalier seul de la CGT, le syndicat r\u00e9pond par tract : \u2018on ne signe pas pour un recul de nos droits \u00bb.\u00a0<\/p>\n","protected":false},"excerpt":{"rendered":"<p>PACYL 3 est le nom du repreneur du Carrefour de la Porte de Montreuil. Pour le personnel, le transfert vers cette nouvelle soci\u00e9t\u00e9 se fait dans la douleur avec un accord de transposition adopt\u00e9 par FO et la CFDT mais que refuse de signer notre camarade Thiaba SECK, d\u00e9l\u00e9gu\u00e9e syndicale CGT du magasin, car il &hellip; <\/p>\n","protected":false},"author":19,"featured_media":0,"comment_status":"closed","ping_status":"open","sticky":false,"template":"","format":"standard","meta":{"footnotes":""},"categories":[2],"tags":[],"class_list":{"0":"entry","1":"post","2":"publish","3":"author-sebastien","4":"post-8808","6":"format-standard","7":"category-je-tu-ul"},"_links":{"self":[{"href":"https:\/\/www.lacgtmontreuil.fr\/index.php?rest_route=\/wp\/v2\/posts\/8808","targetHints":{"allow":["GET"]}}],"collection":[{"href":"https:\/\/www.lacgtmontreuil.fr\/index.php?rest_route=\/wp\/v2\/posts"}],"about":[{"href":"https:\/\/www.lacgtmontreuil.fr\/index.php?rest_route=\/wp\/v2\/types\/post"}],"author":[{"embeddable":true,"href":"https:\/\/www.lacgtmontreuil.fr\/index.php?rest_route=\/wp\/v2\/users\/19"}],"replies":[{"embeddable":true,"href":"https:\/\/www.lacgtmontreuil.fr\/index.php?rest_route=%2Fwp%2Fv2%2Fcomments&post=8808"}],"version-history":[{"count":1,"href":"https:\/\/www.lacgtmontreuil.fr\/index.php?rest_route=\/wp\/v2\/posts\/8808\/revisions"}],"predecessor-version":[{"id":8811,"href":"https:\/\/www.lacgtmontreuil.fr\/index.php?rest_route=\/wp\/v2\/posts\/8808\/revisions\/8811"}],"wp:attachment":[{"href":"https:\/\/www.lacgtmontreuil.fr\/index.php?rest_route=%2Fwp%2Fv2%2Fmedia&parent=8808"}],"wp:term":[{"taxonomy":"category","embeddable":true,"href":"https:\/\/www.lacgtmontreuil.fr\/index.php?rest_route=%2Fwp%2Fv2%2Fcategories&post=8808"},{"taxonomy":"post_tag","embeddable":true,"href":"https:\/\/www.lacgtmontreuil.fr\/index.php?rest_route=%2Fwp%2Fv2%2Ftags&post=8808"}],"curies":[{"name":"wp","href":"https:\/\/api.w.org\/{rel}","templated":true}]}}