{"id":8794,"date":"2024-05-11T18:51:38","date_gmt":"2024-05-11T16:51:38","guid":{"rendered":"https:\/\/www.lacgtmontreuil.fr\/?p=8794"},"modified":"2024-05-11T18:51:39","modified_gmt":"2024-05-11T16:51:39","slug":"je-tu-ul-n467-redressement-tordu","status":"publish","type":"post","link":"https:\/\/www.lacgtmontreuil.fr\/?p=8794","title":{"rendered":"Je, Tu, UL n\u00b0467 &#8211; REDRESSEMENT TORDU"},"content":{"rendered":"23, rue Fernand Combette \u2013 S2IA, entreprise d\u2019installation de fibre optique, est en redressement judiciaire depuis plus d\u2019un an, avec nombre de salari\u00e9s de Montreuil \u00e0 Bayonne en passant par les Antilles sans nouvelle de leurs salaires, malgr\u00e9 des condamnations prud\u2019homales en leur faveur. Il aura fallu les relances \u00e0 r\u00e9p\u00e9tition de notre camarade Patrice FAUCHEUX, d\u00e9fenseur syndical d\u2019un groupe d\u2019anciens salari\u00e9s pour que mandataire, g\u00e9rant et AGS cessent de se renvoyer la balle\u2026 et commencent \u00e0 payer !","protected":false},"excerpt":{"rendered":"<p>23, rue Fernand Combette \u2013 S2IA, entreprise d\u2019installation de fibre optique, est en redressement judiciaire depuis plus d\u2019un an, avec nombre de salari\u00e9s de Montreuil \u00e0 Bayonne en passant par les Antilles sans nouvelle de leurs salaires, malgr\u00e9 des condamnations prud\u2019homales en leur faveur. Il aura fallu les relances \u00e0 r\u00e9p\u00e9tition de notre camarade Patrice &hellip; <\/p>\n","protected":false},"author":19,"featured_media":0,"comment_status":"closed","ping_status":"open","sticky":false,"template":"","format":"standard","meta":{"footnotes":""},"categories":[2],"tags":[],"class_list":{"0":"entry","1":"post","2":"publish","3":"author-sebastien","4":"post-8794","6":"format-standard","7":"category-je-tu-ul"},"_links":{"self":[{"href":"https:\/\/www.lacgtmontreuil.fr\/index.php?rest_route=\/wp\/v2\/posts\/8794","targetHints":{"allow":["GET"]}}],"collection":[{"href":"https:\/\/www.lacgtmontreuil.fr\/index.php?rest_route=\/wp\/v2\/posts"}],"about":[{"href":"https:\/\/www.lacgtmontreuil.fr\/index.php?rest_route=\/wp\/v2\/types\/post"}],"author":[{"embeddable":true,"href":"https:\/\/www.lacgtmontreuil.fr\/index.php?rest_route=\/wp\/v2\/users\/19"}],"replies":[{"embeddable":true,"href":"https:\/\/www.lacgtmontreuil.fr\/index.php?rest_route=%2Fwp%2Fv2%2Fcomments&post=8794"}],"version-history":[{"count":1,"href":"https:\/\/www.lacgtmontreuil.fr\/index.php?rest_route=\/wp\/v2\/posts\/8794\/revisions"}],"predecessor-version":[{"id":8797,"href":"https:\/\/www.lacgtmontreuil.fr\/index.php?rest_route=\/wp\/v2\/posts\/8794\/revisions\/8797"}],"wp:attachment":[{"href":"https:\/\/www.lacgtmontreuil.fr\/index.php?rest_route=%2Fwp%2Fv2%2Fmedia&parent=8794"}],"wp:term":[{"taxonomy":"category","embeddable":true,"href":"https:\/\/www.lacgtmontreuil.fr\/index.php?rest_route=%2Fwp%2Fv2%2Fcategories&post=8794"},{"taxonomy":"post_tag","embeddable":true,"href":"https:\/\/www.lacgtmontreuil.fr\/index.php?rest_route=%2Fwp%2Fv2%2Ftags&post=8794"}],"curies":[{"name":"wp","href":"https:\/\/api.w.org\/{rel}","templated":true}]}}