{"id":8782,"date":"2024-05-11T18:51:59","date_gmt":"2024-05-11T16:51:59","guid":{"rendered":"https:\/\/www.lacgtmontreuil.fr\/?p=8782"},"modified":"2024-05-11T18:52:00","modified_gmt":"2024-05-11T16:52:00","slug":"je-tu-ul-n467-isatis-sorganise","status":"publish","type":"post","link":"https:\/\/www.lacgtmontreuil.fr\/?p=8782","title":{"rendered":"Je, Tu, UL n\u00b0467 &#8211; ISATIS S\u2019ORGANISE"},"content":{"rendered":"111, avenue du Pr\u00e9sident Wilson \u2013 Chez ISATIS, le renouvellement du CSE va se faire sur le p\u00e9rim\u00e8tre des 87 \u00e9tablissements et services\u2026 et non plus par EHPAD. Un d\u00e9fi relev\u00e9 par notre camarade Lamia BABOU qui a pu d\u00e9poser la liste CGT et surmonter la difficult\u00e9 particuli\u00e8re dans un milieu professionnel tr\u00e8s f\u00e9minin de trouver un homme pour satisfaire \u00e0 l\u2019obligation l\u00e9gale. La CGT compte donc enfin un syndiqu\u00e9-candidat \u00e0 la Maison des Vergers !","protected":false},"excerpt":{"rendered":"<p>111, avenue du Pr\u00e9sident Wilson \u2013 Chez ISATIS, le renouvellement du CSE va se faire sur le p\u00e9rim\u00e8tre des 87 \u00e9tablissements et services\u2026 et non plus par EHPAD. Un d\u00e9fi relev\u00e9 par notre camarade Lamia BABOU qui a pu d\u00e9poser la liste CGT et surmonter la difficult\u00e9 particuli\u00e8re dans un milieu professionnel tr\u00e8s f\u00e9minin de &hellip; <\/p>\n","protected":false},"author":19,"featured_media":0,"comment_status":"closed","ping_status":"open","sticky":false,"template":"","format":"standard","meta":{"footnotes":""},"categories":[2],"tags":[],"class_list":{"0":"entry","1":"post","2":"publish","3":"author-sebastien","4":"post-8782","6":"format-standard","7":"category-je-tu-ul"},"_links":{"self":[{"href":"https:\/\/www.lacgtmontreuil.fr\/index.php?rest_route=\/wp\/v2\/posts\/8782","targetHints":{"allow":["GET"]}}],"collection":[{"href":"https:\/\/www.lacgtmontreuil.fr\/index.php?rest_route=\/wp\/v2\/posts"}],"about":[{"href":"https:\/\/www.lacgtmontreuil.fr\/index.php?rest_route=\/wp\/v2\/types\/post"}],"author":[{"embeddable":true,"href":"https:\/\/www.lacgtmontreuil.fr\/index.php?rest_route=\/wp\/v2\/users\/19"}],"replies":[{"embeddable":true,"href":"https:\/\/www.lacgtmontreuil.fr\/index.php?rest_route=%2Fwp%2Fv2%2Fcomments&post=8782"}],"version-history":[{"count":1,"href":"https:\/\/www.lacgtmontreuil.fr\/index.php?rest_route=\/wp\/v2\/posts\/8782\/revisions"}],"predecessor-version":[{"id":8785,"href":"https:\/\/www.lacgtmontreuil.fr\/index.php?rest_route=\/wp\/v2\/posts\/8782\/revisions\/8785"}],"wp:attachment":[{"href":"https:\/\/www.lacgtmontreuil.fr\/index.php?rest_route=%2Fwp%2Fv2%2Fmedia&parent=8782"}],"wp:term":[{"taxonomy":"category","embeddable":true,"href":"https:\/\/www.lacgtmontreuil.fr\/index.php?rest_route=%2Fwp%2Fv2%2Fcategories&post=8782"},{"taxonomy":"post_tag","embeddable":true,"href":"https:\/\/www.lacgtmontreuil.fr\/index.php?rest_route=%2Fwp%2Fv2%2Ftags&post=8782"}],"curies":[{"name":"wp","href":"https:\/\/api.w.org\/{rel}","templated":true}]}}