{"id":8770,"date":"2024-05-11T18:52:13","date_gmt":"2024-05-11T16:52:13","guid":{"rendered":"https:\/\/www.lacgtmontreuil.fr\/?p=8770"},"modified":"2024-05-11T18:52:13","modified_gmt":"2024-05-11T16:52:13","slug":"je-tu-ul-n467-festif-et-combatif","status":"publish","type":"post","link":"https:\/\/www.lacgtmontreuil.fr\/?p=8770","title":{"rendered":"Je, Tu, UL n\u00b0467 &#8211; FESTIF ET COMBATIF"},"content":{"rendered":"Place du March\u00e9 \u2013 L\u2019UL-CGT de Montreuil organisait pour le 1er mai son barbecue fraternel \u00e0 la Croix de Chavaux, avec une centaine de convives, rejoints pour le d\u00e9part collectif vers la manifestation parisienne par les militants politiques et associatifs, eux aussi mobilis\u00e9s pour le progr\u00e8s social et la paix. C\u2019est ainsi que les Montreuillois se sont fondus parmi les 50 000 manifestants comptabilis\u00e9s dans les rues de Paris.","protected":false},"excerpt":{"rendered":"<p>Place du March\u00e9 \u2013 L\u2019UL-CGT de Montreuil organisait pour le 1er mai son barbecue fraternel \u00e0 la Croix de Chavaux, avec une centaine de convives, rejoints pour le d\u00e9part collectif vers la manifestation parisienne par les militants politiques et associatifs, eux aussi mobilis\u00e9s pour le progr\u00e8s social et la paix. C\u2019est ainsi que les Montreuillois &hellip; <\/p>\n","protected":false},"author":19,"featured_media":0,"comment_status":"closed","ping_status":"open","sticky":false,"template":"","format":"standard","meta":{"footnotes":""},"categories":[2],"tags":[],"class_list":{"0":"entry","1":"post","2":"publish","3":"author-sebastien","4":"post-8770","6":"format-standard","7":"category-je-tu-ul"},"_links":{"self":[{"href":"https:\/\/www.lacgtmontreuil.fr\/index.php?rest_route=\/wp\/v2\/posts\/8770","targetHints":{"allow":["GET"]}}],"collection":[{"href":"https:\/\/www.lacgtmontreuil.fr\/index.php?rest_route=\/wp\/v2\/posts"}],"about":[{"href":"https:\/\/www.lacgtmontreuil.fr\/index.php?rest_route=\/wp\/v2\/types\/post"}],"author":[{"embeddable":true,"href":"https:\/\/www.lacgtmontreuil.fr\/index.php?rest_route=\/wp\/v2\/users\/19"}],"replies":[{"embeddable":true,"href":"https:\/\/www.lacgtmontreuil.fr\/index.php?rest_route=%2Fwp%2Fv2%2Fcomments&post=8770"}],"version-history":[{"count":1,"href":"https:\/\/www.lacgtmontreuil.fr\/index.php?rest_route=\/wp\/v2\/posts\/8770\/revisions"}],"predecessor-version":[{"id":8773,"href":"https:\/\/www.lacgtmontreuil.fr\/index.php?rest_route=\/wp\/v2\/posts\/8770\/revisions\/8773"}],"wp:attachment":[{"href":"https:\/\/www.lacgtmontreuil.fr\/index.php?rest_route=%2Fwp%2Fv2%2Fmedia&parent=8770"}],"wp:term":[{"taxonomy":"category","embeddable":true,"href":"https:\/\/www.lacgtmontreuil.fr\/index.php?rest_route=%2Fwp%2Fv2%2Fcategories&post=8770"},{"taxonomy":"post_tag","embeddable":true,"href":"https:\/\/www.lacgtmontreuil.fr\/index.php?rest_route=%2Fwp%2Fv2%2Ftags&post=8770"}],"curies":[{"name":"wp","href":"https:\/\/api.w.org\/{rel}","templated":true}]}}