{"id":8758,"date":"2024-04-28T16:49:42","date_gmt":"2024-04-28T14:49:42","guid":{"rendered":"https:\/\/www.lacgtmontreuil.fr\/?p=8758"},"modified":"2024-04-28T16:49:43","modified_gmt":"2024-04-28T14:49:43","slug":"je-tu-ul-n466-rabais-sur-les-trajets","status":"publish","type":"post","link":"https:\/\/www.lacgtmontreuil.fr\/?p=8758","title":{"rendered":"Je, Tu, UL n\u00b0466 &#8211; RABAIS SUR LES TRAJETS"},"content":{"rendered":"\n<p>3, rue Franklin \u2013 A l\u2019AFPA, c\u2019est l\u2019accord minoritaire sign\u00e9 par la seule CGC qui va faire l\u2019objet d\u2019un r\u00e9f\u00e9rendum les 22 et 23 mai prochain suite \u00e0 l\u2019opposition des syndicats majoritaires CGT, CFDT, FO et STC. L\u2019accord soumis au vote pr\u00e9voit en effet d\u2019exclure les temps de trajet professionnel du d\u00e9compte des heures suppl\u00e9mentaires, qu\u2019il s\u2019agisse de leur r\u00e9mun\u00e9ration ou r\u00e9cup\u00e9ration. C\u2019est donc \u00e0 une mobilisation pour le \u00ab non \u00bb qu\u2019appellent les 4 organisations \u00e0 l\u2019initiative de ce r\u00e9f\u00e9rendum sauce El Khomri.\u00a0<\/p>\n","protected":false},"excerpt":{"rendered":"<p>3, rue Franklin \u2013 A l\u2019AFPA, c\u2019est l\u2019accord minoritaire sign\u00e9 par la seule CGC qui va faire l\u2019objet d\u2019un r\u00e9f\u00e9rendum les 22 et 23 mai prochain suite \u00e0 l\u2019opposition des syndicats majoritaires CGT, CFDT, FO et STC. L\u2019accord soumis au vote pr\u00e9voit en effet d\u2019exclure les temps de trajet professionnel du d\u00e9compte des heures suppl\u00e9mentaires, &hellip; <\/p>\n","protected":false},"author":19,"featured_media":0,"comment_status":"closed","ping_status":"open","sticky":false,"template":"","format":"standard","meta":{"footnotes":""},"categories":[2],"tags":[],"class_list":{"0":"entry","1":"post","2":"publish","3":"author-sebastien","4":"post-8758","6":"format-standard","7":"category-je-tu-ul"},"_links":{"self":[{"href":"https:\/\/www.lacgtmontreuil.fr\/index.php?rest_route=\/wp\/v2\/posts\/8758","targetHints":{"allow":["GET"]}}],"collection":[{"href":"https:\/\/www.lacgtmontreuil.fr\/index.php?rest_route=\/wp\/v2\/posts"}],"about":[{"href":"https:\/\/www.lacgtmontreuil.fr\/index.php?rest_route=\/wp\/v2\/types\/post"}],"author":[{"embeddable":true,"href":"https:\/\/www.lacgtmontreuil.fr\/index.php?rest_route=\/wp\/v2\/users\/19"}],"replies":[{"embeddable":true,"href":"https:\/\/www.lacgtmontreuil.fr\/index.php?rest_route=%2Fwp%2Fv2%2Fcomments&post=8758"}],"version-history":[{"count":1,"href":"https:\/\/www.lacgtmontreuil.fr\/index.php?rest_route=\/wp\/v2\/posts\/8758\/revisions"}],"predecessor-version":[{"id":8761,"href":"https:\/\/www.lacgtmontreuil.fr\/index.php?rest_route=\/wp\/v2\/posts\/8758\/revisions\/8761"}],"wp:attachment":[{"href":"https:\/\/www.lacgtmontreuil.fr\/index.php?rest_route=%2Fwp%2Fv2%2Fmedia&parent=8758"}],"wp:term":[{"taxonomy":"category","embeddable":true,"href":"https:\/\/www.lacgtmontreuil.fr\/index.php?rest_route=%2Fwp%2Fv2%2Fcategories&post=8758"},{"taxonomy":"post_tag","embeddable":true,"href":"https:\/\/www.lacgtmontreuil.fr\/index.php?rest_route=%2Fwp%2Fv2%2Ftags&post=8758"}],"curies":[{"name":"wp","href":"https:\/\/api.w.org\/{rel}","templated":true}]}}