{"id":8752,"date":"2024-04-28T16:48:53","date_gmt":"2024-04-28T14:48:53","guid":{"rendered":"https:\/\/www.lacgtmontreuil.fr\/?p=8752"},"modified":"2024-04-28T16:48:54","modified_gmt":"2024-04-28T14:48:54","slug":"je-tu-ul-n466-droit-europeen-pour-les-nuls","status":"publish","type":"post","link":"https:\/\/www.lacgtmontreuil.fr\/?p=8752","title":{"rendered":"Je, Tu, UL n\u00b0466 &#8211; DROIT EUROP\u00c9EN POUR LES NULS"},"content":{"rendered":"\n<p>283, rue de Rosny \u2013 Chez STRICHER, le patron de la maison-m\u00e8re LE PETIT FORESTIER s\u2019est fendu d\u2019une lettre ouverte pour expliquer que l\u2019acquisition des cong\u00e9s pay\u00e9s pendant les arr\u00eats-maladie, garanti par le droit europ\u00e9en, ne s\u2019appliquerait qu\u2019\u00e0 ceux qui en feraient la demande avant juin 2024. Encore un qui confond l\u2019ouverture des \u00ab JO \u00bb avec le Journal Officiel de l\u2019Union Europ\u00e9enne !\u00a0<\/p>\n","protected":false},"excerpt":{"rendered":"<p>283, rue de Rosny \u2013 Chez STRICHER, le patron de la maison-m\u00e8re LE PETIT FORESTIER s\u2019est fendu d\u2019une lettre ouverte pour expliquer que l\u2019acquisition des cong\u00e9s pay\u00e9s pendant les arr\u00eats-maladie, garanti par le droit europ\u00e9en, ne s\u2019appliquerait qu\u2019\u00e0 ceux qui en feraient la demande avant juin 2024. Encore un qui confond l\u2019ouverture des \u00ab JO &hellip; <\/p>\n","protected":false},"author":19,"featured_media":0,"comment_status":"closed","ping_status":"open","sticky":false,"template":"","format":"standard","meta":{"footnotes":""},"categories":[2],"tags":[],"class_list":{"0":"entry","1":"post","2":"publish","3":"author-sebastien","4":"post-8752","6":"format-standard","7":"category-je-tu-ul"},"_links":{"self":[{"href":"https:\/\/www.lacgtmontreuil.fr\/index.php?rest_route=\/wp\/v2\/posts\/8752","targetHints":{"allow":["GET"]}}],"collection":[{"href":"https:\/\/www.lacgtmontreuil.fr\/index.php?rest_route=\/wp\/v2\/posts"}],"about":[{"href":"https:\/\/www.lacgtmontreuil.fr\/index.php?rest_route=\/wp\/v2\/types\/post"}],"author":[{"embeddable":true,"href":"https:\/\/www.lacgtmontreuil.fr\/index.php?rest_route=\/wp\/v2\/users\/19"}],"replies":[{"embeddable":true,"href":"https:\/\/www.lacgtmontreuil.fr\/index.php?rest_route=%2Fwp%2Fv2%2Fcomments&post=8752"}],"version-history":[{"count":1,"href":"https:\/\/www.lacgtmontreuil.fr\/index.php?rest_route=\/wp\/v2\/posts\/8752\/revisions"}],"predecessor-version":[{"id":8755,"href":"https:\/\/www.lacgtmontreuil.fr\/index.php?rest_route=\/wp\/v2\/posts\/8752\/revisions\/8755"}],"wp:attachment":[{"href":"https:\/\/www.lacgtmontreuil.fr\/index.php?rest_route=%2Fwp%2Fv2%2Fmedia&parent=8752"}],"wp:term":[{"taxonomy":"category","embeddable":true,"href":"https:\/\/www.lacgtmontreuil.fr\/index.php?rest_route=%2Fwp%2Fv2%2Fcategories&post=8752"},{"taxonomy":"post_tag","embeddable":true,"href":"https:\/\/www.lacgtmontreuil.fr\/index.php?rest_route=%2Fwp%2Fv2%2Ftags&post=8752"}],"curies":[{"name":"wp","href":"https:\/\/api.w.org\/{rel}","templated":true}]}}