{"id":8740,"date":"2024-04-28T16:47:11","date_gmt":"2024-04-28T14:47:11","guid":{"rendered":"https:\/\/www.lacgtmontreuil.fr\/?p=8740"},"modified":"2024-04-28T16:47:12","modified_gmt":"2024-04-28T14:47:12","slug":"je-tu-ul-n466-de-la-legalite-des-inegalites","status":"publish","type":"post","link":"https:\/\/www.lacgtmontreuil.fr\/?p=8740","title":{"rendered":"Je, Tu, UL n\u00b0466 &#8211;\u00a0DE LA L\u00c9GALIT\u00c9 DES IN\u00c9GALIT\u00c9S"},"content":{"rendered":"\n<p>7, rue Catherine Puig &#8211; L\u2019EDUCATION NATIONALE vient d\u2019\u00eatre blanchie de l\u2019accusation port\u00e9e par 12 maires de Seine-Saint-Denis de rompre l\u2019\u00e9galit\u00e9 du service rendu. Le Tribunal Administratif de Montreuil a en effet invalid\u00e9 les arr\u00eat\u00e9s de mise en demeure de l\u2019Etat, rest\u00e9 sourd \u00e0 2 mois de mobilisation, pour un Plan d\u2019Urgence. Une d\u00e9cision qui n\u2019aura pas d\u00e9sarm\u00e9 cette mobilisation, avec par exemple 83% de gr\u00e9vistes au coll\u00e8ge Solveig Anspach le 22, jour de la \u00ab rentr\u00e9e \u00bb, et des \u00ab nuits des \u00e9coles \u00bb le 23, avec les parents d\u2019\u00e9l\u00e8ves aux Z\u00e9firottes et \u00e0 St\u00e9phane Hessel. En attendant la prochaine \u00e9tape du mouvement annonc\u00e9e pour le 2 mai.\u00a0<\/p>\n","protected":false},"excerpt":{"rendered":"<p>7, rue Catherine Puig &#8211; L\u2019EDUCATION NATIONALE vient d\u2019\u00eatre blanchie de l\u2019accusation port\u00e9e par 12 maires de Seine-Saint-Denis de rompre l\u2019\u00e9galit\u00e9 du service rendu. Le Tribunal Administratif de Montreuil a en effet invalid\u00e9 les arr\u00eat\u00e9s de mise en demeure de l\u2019Etat, rest\u00e9 sourd \u00e0 2 mois de mobilisation, pour un Plan d\u2019Urgence. Une d\u00e9cision qui &hellip; <\/p>\n","protected":false},"author":19,"featured_media":0,"comment_status":"closed","ping_status":"open","sticky":false,"template":"","format":"standard","meta":{"footnotes":""},"categories":[2],"tags":[],"class_list":{"0":"entry","1":"post","2":"publish","3":"author-sebastien","4":"post-8740","6":"format-standard","7":"category-je-tu-ul"},"_links":{"self":[{"href":"https:\/\/www.lacgtmontreuil.fr\/index.php?rest_route=\/wp\/v2\/posts\/8740","targetHints":{"allow":["GET"]}}],"collection":[{"href":"https:\/\/www.lacgtmontreuil.fr\/index.php?rest_route=\/wp\/v2\/posts"}],"about":[{"href":"https:\/\/www.lacgtmontreuil.fr\/index.php?rest_route=\/wp\/v2\/types\/post"}],"author":[{"embeddable":true,"href":"https:\/\/www.lacgtmontreuil.fr\/index.php?rest_route=\/wp\/v2\/users\/19"}],"replies":[{"embeddable":true,"href":"https:\/\/www.lacgtmontreuil.fr\/index.php?rest_route=%2Fwp%2Fv2%2Fcomments&post=8740"}],"version-history":[{"count":1,"href":"https:\/\/www.lacgtmontreuil.fr\/index.php?rest_route=\/wp\/v2\/posts\/8740\/revisions"}],"predecessor-version":[{"id":8743,"href":"https:\/\/www.lacgtmontreuil.fr\/index.php?rest_route=\/wp\/v2\/posts\/8740\/revisions\/8743"}],"wp:attachment":[{"href":"https:\/\/www.lacgtmontreuil.fr\/index.php?rest_route=%2Fwp%2Fv2%2Fmedia&parent=8740"}],"wp:term":[{"taxonomy":"category","embeddable":true,"href":"https:\/\/www.lacgtmontreuil.fr\/index.php?rest_route=%2Fwp%2Fv2%2Fcategories&post=8740"},{"taxonomy":"post_tag","embeddable":true,"href":"https:\/\/www.lacgtmontreuil.fr\/index.php?rest_route=%2Fwp%2Fv2%2Ftags&post=8740"}],"curies":[{"name":"wp","href":"https:\/\/api.w.org\/{rel}","templated":true}]}}