{"id":8715,"date":"2024-04-20T22:32:34","date_gmt":"2024-04-20T20:32:34","guid":{"rendered":"https:\/\/www.lacgtmontreuil.fr\/?p=8715"},"modified":"2024-04-20T22:32:35","modified_gmt":"2024-04-20T20:32:35","slug":"je-tu-ul-n465-rentree-compromise","status":"publish","type":"post","link":"https:\/\/www.lacgtmontreuil.fr\/?p=8715","title":{"rendered":"Je, Tu, UL n\u00b0465 &#8211; RENTR\u00c9E COMPROMISE"},"content":{"rendered":"\n<p>L&rsquo;EDUCATION NATIONALE pr\u00e9pare sa non-rentr\u00e9e, faute de r\u00e9ponse gouvernementale chiffr\u00e9e \u00e0 la revendication d\u2019un plan d\u2019urgence pour le 93. L\u2019intersyndicale CGT, FSU, SUD s\u2019est vu renvoy\u00e9e de Matignon (avec de vagues promesses) au Minist\u00e8re de l\u2019Education Nationale (o\u00f9 le chiffrage n\u2019est pas pr\u00eat !) au terme de six semaines d\u2019une forte mobilisation. D\u2019o\u00f9 un nouvel appel \u00e0 une gr\u00e8ve \u00e0 la rentr\u00e9e et \u00e0 une manifestation le 22 \u00e0 13h30 au d\u00e9part du Trocad\u00e9ro, contre le \u00ab choc des savoirs \u00bb et pour acc\u00e9l\u00e9rer le chiffrage des moyens d\u00e9di\u00e9s au jeunes du 93.\u00a0<\/p>\n","protected":false},"excerpt":{"rendered":"<p>L&rsquo;EDUCATION NATIONALE pr\u00e9pare sa non-rentr\u00e9e, faute de r\u00e9ponse gouvernementale chiffr\u00e9e \u00e0 la revendication d\u2019un plan d\u2019urgence pour le 93. L\u2019intersyndicale CGT, FSU, SUD s\u2019est vu renvoy\u00e9e de Matignon (avec de vagues promesses) au Minist\u00e8re de l\u2019Education Nationale (o\u00f9 le chiffrage n\u2019est pas pr\u00eat !) au terme de six semaines d\u2019une forte mobilisation. D\u2019o\u00f9 un nouvel &hellip; <\/p>\n","protected":false},"author":19,"featured_media":0,"comment_status":"closed","ping_status":"open","sticky":false,"template":"","format":"standard","meta":{"footnotes":""},"categories":[2],"tags":[],"class_list":{"0":"entry","1":"post","2":"publish","3":"author-sebastien","4":"post-8715","6":"format-standard","7":"category-je-tu-ul"},"_links":{"self":[{"href":"https:\/\/www.lacgtmontreuil.fr\/index.php?rest_route=\/wp\/v2\/posts\/8715","targetHints":{"allow":["GET"]}}],"collection":[{"href":"https:\/\/www.lacgtmontreuil.fr\/index.php?rest_route=\/wp\/v2\/posts"}],"about":[{"href":"https:\/\/www.lacgtmontreuil.fr\/index.php?rest_route=\/wp\/v2\/types\/post"}],"author":[{"embeddable":true,"href":"https:\/\/www.lacgtmontreuil.fr\/index.php?rest_route=\/wp\/v2\/users\/19"}],"replies":[{"embeddable":true,"href":"https:\/\/www.lacgtmontreuil.fr\/index.php?rest_route=%2Fwp%2Fv2%2Fcomments&post=8715"}],"version-history":[{"count":1,"href":"https:\/\/www.lacgtmontreuil.fr\/index.php?rest_route=\/wp\/v2\/posts\/8715\/revisions"}],"predecessor-version":[{"id":8718,"href":"https:\/\/www.lacgtmontreuil.fr\/index.php?rest_route=\/wp\/v2\/posts\/8715\/revisions\/8718"}],"wp:attachment":[{"href":"https:\/\/www.lacgtmontreuil.fr\/index.php?rest_route=%2Fwp%2Fv2%2Fmedia&parent=8715"}],"wp:term":[{"taxonomy":"category","embeddable":true,"href":"https:\/\/www.lacgtmontreuil.fr\/index.php?rest_route=%2Fwp%2Fv2%2Fcategories&post=8715"},{"taxonomy":"post_tag","embeddable":true,"href":"https:\/\/www.lacgtmontreuil.fr\/index.php?rest_route=%2Fwp%2Fv2%2Ftags&post=8715"}],"curies":[{"name":"wp","href":"https:\/\/api.w.org\/{rel}","templated":true}]}}