{"id":8703,"date":"2024-04-13T20:23:54","date_gmt":"2024-04-13T18:23:54","guid":{"rendered":"https:\/\/www.lacgtmontreuil.fr\/?p=8703"},"modified":"2024-04-13T20:23:55","modified_gmt":"2024-04-13T18:23:55","slug":"je-tu-ul-n464-reprendre-cest-voler","status":"publish","type":"post","link":"https:\/\/www.lacgtmontreuil.fr\/?p=8703","title":{"rendered":"Je, Tu, UL n\u00b0464 &#8211; REPRENDRE, C\u2019EST VOLER"},"content":{"rendered":"\n<p>55, rue Lenain de Tillemont \u2013 Le magasin FRANPRIX avait chang\u00e9 de main en 2021, lorsque la soci\u00e9t\u00e9 AJ DISTRIBUTION avait repris l\u2019enseigne. Au passage, notre camarade Souleymane BAH avait vu dispara\u00eetre son compteur de cong\u00e9s pay\u00e9s lors de la reprise. Ce 5 avril, le Conseil de Prud\u2019hommes le r\u00e9tablit dans ses droits, condamnant le repreneur ind\u00e9licat \u00e0 r\u00e9gler les cong\u00e9s vol\u00e9s et les frais de justice.\u00a0<\/p>\n","protected":false},"excerpt":{"rendered":"<p>55, rue Lenain de Tillemont \u2013 Le magasin FRANPRIX avait chang\u00e9 de main en 2021, lorsque la soci\u00e9t\u00e9 AJ DISTRIBUTION avait repris l\u2019enseigne. Au passage, notre camarade Souleymane BAH avait vu dispara\u00eetre son compteur de cong\u00e9s pay\u00e9s lors de la reprise. Ce 5 avril, le Conseil de Prud\u2019hommes le r\u00e9tablit dans ses droits, condamnant le &hellip; <\/p>\n","protected":false},"author":19,"featured_media":0,"comment_status":"closed","ping_status":"open","sticky":false,"template":"","format":"standard","meta":{"footnotes":""},"categories":[2],"tags":[],"class_list":{"0":"entry","1":"post","2":"publish","3":"author-sebastien","4":"post-8703","6":"format-standard","7":"category-je-tu-ul"},"_links":{"self":[{"href":"https:\/\/www.lacgtmontreuil.fr\/index.php?rest_route=\/wp\/v2\/posts\/8703","targetHints":{"allow":["GET"]}}],"collection":[{"href":"https:\/\/www.lacgtmontreuil.fr\/index.php?rest_route=\/wp\/v2\/posts"}],"about":[{"href":"https:\/\/www.lacgtmontreuil.fr\/index.php?rest_route=\/wp\/v2\/types\/post"}],"author":[{"embeddable":true,"href":"https:\/\/www.lacgtmontreuil.fr\/index.php?rest_route=\/wp\/v2\/users\/19"}],"replies":[{"embeddable":true,"href":"https:\/\/www.lacgtmontreuil.fr\/index.php?rest_route=%2Fwp%2Fv2%2Fcomments&post=8703"}],"version-history":[{"count":1,"href":"https:\/\/www.lacgtmontreuil.fr\/index.php?rest_route=\/wp\/v2\/posts\/8703\/revisions"}],"predecessor-version":[{"id":8706,"href":"https:\/\/www.lacgtmontreuil.fr\/index.php?rest_route=\/wp\/v2\/posts\/8703\/revisions\/8706"}],"wp:attachment":[{"href":"https:\/\/www.lacgtmontreuil.fr\/index.php?rest_route=%2Fwp%2Fv2%2Fmedia&parent=8703"}],"wp:term":[{"taxonomy":"category","embeddable":true,"href":"https:\/\/www.lacgtmontreuil.fr\/index.php?rest_route=%2Fwp%2Fv2%2Fcategories&post=8703"},{"taxonomy":"post_tag","embeddable":true,"href":"https:\/\/www.lacgtmontreuil.fr\/index.php?rest_route=%2Fwp%2Fv2%2Ftags&post=8703"}],"curies":[{"name":"wp","href":"https:\/\/api.w.org\/{rel}","templated":true}]}}