{"id":8697,"date":"2024-04-13T20:23:25","date_gmt":"2024-04-13T18:23:25","guid":{"rendered":"https:\/\/www.lacgtmontreuil.fr\/?p=8697"},"modified":"2024-04-13T20:23:25","modified_gmt":"2024-04-13T18:23:25","slug":"je-tu-ul-n464-repos-encadre","status":"publish","type":"post","link":"https:\/\/www.lacgtmontreuil.fr\/?p=8697","title":{"rendered":"Je, Tu, UL n\u00b0464 &#8211;\u00a0REPOS ENCADR\u00c9"},"content":{"rendered":"\n<p>240, rue de Rosny \u2013 Chez TESSI CHEQUE ILE DE FRANCE, la CGT ratifie l\u2019accord d\u2019entreprise sur la mise en place du repos compensateur de remplacement, destin\u00e9 \u00e0 encadrer le recours aux heures suppl\u00e9mentaires. La r\u00e8gle et les limites de ces repos seront encadr\u00e9s avec un compteur individuel pour chaque salari\u00e9.\u00a0<\/p>\n","protected":false},"excerpt":{"rendered":"<p>240, rue de Rosny \u2013 Chez TESSI CHEQUE ILE DE FRANCE, la CGT ratifie l\u2019accord d\u2019entreprise sur la mise en place du repos compensateur de remplacement, destin\u00e9 \u00e0 encadrer le recours aux heures suppl\u00e9mentaires. La r\u00e8gle et les limites de ces repos seront encadr\u00e9s avec un compteur individuel pour chaque salari\u00e9.\u00a0<\/p>\n","protected":false},"author":19,"featured_media":0,"comment_status":"closed","ping_status":"open","sticky":false,"template":"","format":"standard","meta":{"footnotes":""},"categories":[2],"tags":[],"class_list":{"0":"entry","1":"post","2":"publish","3":"author-sebastien","4":"post-8697","6":"format-standard","7":"category-je-tu-ul"},"_links":{"self":[{"href":"https:\/\/www.lacgtmontreuil.fr\/index.php?rest_route=\/wp\/v2\/posts\/8697","targetHints":{"allow":["GET"]}}],"collection":[{"href":"https:\/\/www.lacgtmontreuil.fr\/index.php?rest_route=\/wp\/v2\/posts"}],"about":[{"href":"https:\/\/www.lacgtmontreuil.fr\/index.php?rest_route=\/wp\/v2\/types\/post"}],"author":[{"embeddable":true,"href":"https:\/\/www.lacgtmontreuil.fr\/index.php?rest_route=\/wp\/v2\/users\/19"}],"replies":[{"embeddable":true,"href":"https:\/\/www.lacgtmontreuil.fr\/index.php?rest_route=%2Fwp%2Fv2%2Fcomments&post=8697"}],"version-history":[{"count":1,"href":"https:\/\/www.lacgtmontreuil.fr\/index.php?rest_route=\/wp\/v2\/posts\/8697\/revisions"}],"predecessor-version":[{"id":8700,"href":"https:\/\/www.lacgtmontreuil.fr\/index.php?rest_route=\/wp\/v2\/posts\/8697\/revisions\/8700"}],"wp:attachment":[{"href":"https:\/\/www.lacgtmontreuil.fr\/index.php?rest_route=%2Fwp%2Fv2%2Fmedia&parent=8697"}],"wp:term":[{"taxonomy":"category","embeddable":true,"href":"https:\/\/www.lacgtmontreuil.fr\/index.php?rest_route=%2Fwp%2Fv2%2Fcategories&post=8697"},{"taxonomy":"post_tag","embeddable":true,"href":"https:\/\/www.lacgtmontreuil.fr\/index.php?rest_route=%2Fwp%2Fv2%2Ftags&post=8697"}],"curies":[{"name":"wp","href":"https:\/\/api.w.org\/{rel}","templated":true}]}}