{"id":8691,"date":"2024-04-13T20:22:50","date_gmt":"2024-04-13T18:22:50","guid":{"rendered":"https:\/\/www.lacgtmontreuil.fr\/?p=8691"},"modified":"2024-04-13T20:22:51","modified_gmt":"2024-04-13T18:22:51","slug":"je-tu-ul-n464-pas-dexcuse-au-harcelement","status":"publish","type":"post","link":"https:\/\/www.lacgtmontreuil.fr\/?p=8691","title":{"rendered":"Je, Tu, UL n\u00b0464 &#8211; \u00a0PAS D\u2019EXCUSE AU HARC\u00c8LEMENT"},"content":{"rendered":"\n<p>19, rue des Bons Plants \u2013 Le foyer APAJH de Montreuil vient d\u2019\u00eatre condamn\u00e9 en appel pour la faute inexcusable \u00e0 l\u2019origine de la maladie professionnelle de notre camarade Daouia AZIB. L\u2019APAJH devra r\u00e9parer son pr\u00e9judice et indemniser la S\u00e9curit\u00e9 Sociale : la Cour d\u2019Appel de Paris souligne que malgr\u00e9 l\u2019alerte donn\u00e9e en janvier 2012, la pers\u00e9cution de l\u2019\u00e9lue CGT aura perdur\u00e9 jusqu\u2019en 2018, entra\u00eenant son licenciement pour inaptitude en 2020. La Cour statuera \u00e0 nouveau sur son indemnisation en octobre prochain : faut pas \u00eatre press\u00e9 !\u00a0<\/p>\n","protected":false},"excerpt":{"rendered":"<p>19, rue des Bons Plants \u2013 Le foyer APAJH de Montreuil vient d\u2019\u00eatre condamn\u00e9 en appel pour la faute inexcusable \u00e0 l\u2019origine de la maladie professionnelle de notre camarade Daouia AZIB. L\u2019APAJH devra r\u00e9parer son pr\u00e9judice et indemniser la S\u00e9curit\u00e9 Sociale : la Cour d\u2019Appel de Paris souligne que malgr\u00e9 l\u2019alerte donn\u00e9e en janvier 2012, &hellip; <\/p>\n","protected":false},"author":19,"featured_media":0,"comment_status":"closed","ping_status":"open","sticky":false,"template":"","format":"standard","meta":{"footnotes":""},"categories":[2],"tags":[],"class_list":{"0":"entry","1":"post","2":"publish","3":"author-sebastien","4":"post-8691","6":"format-standard","7":"category-je-tu-ul"},"_links":{"self":[{"href":"https:\/\/www.lacgtmontreuil.fr\/index.php?rest_route=\/wp\/v2\/posts\/8691","targetHints":{"allow":["GET"]}}],"collection":[{"href":"https:\/\/www.lacgtmontreuil.fr\/index.php?rest_route=\/wp\/v2\/posts"}],"about":[{"href":"https:\/\/www.lacgtmontreuil.fr\/index.php?rest_route=\/wp\/v2\/types\/post"}],"author":[{"embeddable":true,"href":"https:\/\/www.lacgtmontreuil.fr\/index.php?rest_route=\/wp\/v2\/users\/19"}],"replies":[{"embeddable":true,"href":"https:\/\/www.lacgtmontreuil.fr\/index.php?rest_route=%2Fwp%2Fv2%2Fcomments&post=8691"}],"version-history":[{"count":1,"href":"https:\/\/www.lacgtmontreuil.fr\/index.php?rest_route=\/wp\/v2\/posts\/8691\/revisions"}],"predecessor-version":[{"id":8694,"href":"https:\/\/www.lacgtmontreuil.fr\/index.php?rest_route=\/wp\/v2\/posts\/8691\/revisions\/8694"}],"wp:attachment":[{"href":"https:\/\/www.lacgtmontreuil.fr\/index.php?rest_route=%2Fwp%2Fv2%2Fmedia&parent=8691"}],"wp:term":[{"taxonomy":"category","embeddable":true,"href":"https:\/\/www.lacgtmontreuil.fr\/index.php?rest_route=%2Fwp%2Fv2%2Fcategories&post=8691"},{"taxonomy":"post_tag","embeddable":true,"href":"https:\/\/www.lacgtmontreuil.fr\/index.php?rest_route=%2Fwp%2Fv2%2Ftags&post=8691"}],"curies":[{"name":"wp","href":"https:\/\/api.w.org\/{rel}","templated":true}]}}