{"id":8685,"date":"2024-04-13T20:22:16","date_gmt":"2024-04-13T18:22:16","guid":{"rendered":"https:\/\/www.lacgtmontreuil.fr\/?p=8685"},"modified":"2024-04-13T20:22:17","modified_gmt":"2024-04-13T18:22:17","slug":"je-tu-ul-n464-lurgence-attend-encore","status":"publish","type":"post","link":"https:\/\/www.lacgtmontreuil.fr\/?p=8685","title":{"rendered":"Je, Tu, UL n\u00b0464 &#8211; \u00a0L\u2019URGENCE ATTEND ENCORE"},"content":{"rendered":"\n<p>l\u2019EDUCATION NATIONALE reste mobilis\u00e9e pendant les vacances scolaires, toujours dans l\u2019attente de r\u00e9ponses aux revendications d\u2019un plan d\u2019urgence pour le 93 et de l\u2019abandon des \u00ab groupes de niveau \u00bb. L\u2019intersyndicale CGT, FSU, CNT et SUD a \u00e9t\u00e9 re\u00e7ue mercredi 10 avril par 2 conseillers de Gabriel Attal \u00e0 Matignon, qui ont renvoy\u00e9 leur r\u00e9ponse aux annonces que Nicole Belloubet, ministre de tutelle, devrait faire ce lundi 15.\u00a0<\/p>\n","protected":false},"excerpt":{"rendered":"<p>l\u2019EDUCATION NATIONALE reste mobilis\u00e9e pendant les vacances scolaires, toujours dans l\u2019attente de r\u00e9ponses aux revendications d\u2019un plan d\u2019urgence pour le 93 et de l\u2019abandon des \u00ab groupes de niveau \u00bb. L\u2019intersyndicale CGT, FSU, CNT et SUD a \u00e9t\u00e9 re\u00e7ue mercredi 10 avril par 2 conseillers de Gabriel Attal \u00e0 Matignon, qui ont renvoy\u00e9 leur r\u00e9ponse &hellip; <\/p>\n","protected":false},"author":19,"featured_media":0,"comment_status":"closed","ping_status":"open","sticky":false,"template":"","format":"standard","meta":{"footnotes":""},"categories":[2],"tags":[],"class_list":{"0":"entry","1":"post","2":"publish","3":"author-sebastien","4":"post-8685","6":"format-standard","7":"category-je-tu-ul"},"_links":{"self":[{"href":"https:\/\/www.lacgtmontreuil.fr\/index.php?rest_route=\/wp\/v2\/posts\/8685","targetHints":{"allow":["GET"]}}],"collection":[{"href":"https:\/\/www.lacgtmontreuil.fr\/index.php?rest_route=\/wp\/v2\/posts"}],"about":[{"href":"https:\/\/www.lacgtmontreuil.fr\/index.php?rest_route=\/wp\/v2\/types\/post"}],"author":[{"embeddable":true,"href":"https:\/\/www.lacgtmontreuil.fr\/index.php?rest_route=\/wp\/v2\/users\/19"}],"replies":[{"embeddable":true,"href":"https:\/\/www.lacgtmontreuil.fr\/index.php?rest_route=%2Fwp%2Fv2%2Fcomments&post=8685"}],"version-history":[{"count":1,"href":"https:\/\/www.lacgtmontreuil.fr\/index.php?rest_route=\/wp\/v2\/posts\/8685\/revisions"}],"predecessor-version":[{"id":8688,"href":"https:\/\/www.lacgtmontreuil.fr\/index.php?rest_route=\/wp\/v2\/posts\/8685\/revisions\/8688"}],"wp:attachment":[{"href":"https:\/\/www.lacgtmontreuil.fr\/index.php?rest_route=%2Fwp%2Fv2%2Fmedia&parent=8685"}],"wp:term":[{"taxonomy":"category","embeddable":true,"href":"https:\/\/www.lacgtmontreuil.fr\/index.php?rest_route=%2Fwp%2Fv2%2Fcategories&post=8685"},{"taxonomy":"post_tag","embeddable":true,"href":"https:\/\/www.lacgtmontreuil.fr\/index.php?rest_route=%2Fwp%2Fv2%2Ftags&post=8685"}],"curies":[{"name":"wp","href":"https:\/\/api.w.org\/{rel}","templated":true}]}}