{"id":8601,"date":"2024-03-09T19:07:28","date_gmt":"2024-03-09T18:07:28","guid":{"rendered":"https:\/\/www.lacgtmontreuil.fr\/?p=8601"},"modified":"2024-03-09T19:07:29","modified_gmt":"2024-03-09T18:07:29","slug":"je-tu-ul-n461-auchan-ne-decolere-pas","status":"publish","type":"post","link":"https:\/\/www.lacgtmontreuil.fr\/?p=8601","title":{"rendered":"Je, Tu, UL n\u00b0461 &#8211; AUCHAN NE D\u00c9COL\u00c8RE PAS"},"content":{"rendered":"98, boulevard de la Boissi\u00e8re \u2013 Chez AUCUN, les propositions indignes de la direction en mati\u00e8re salariale (+1,5%) ont entra\u00een\u00e9 des d\u00e9brayages le 6 mars en magasin. Le rachat par Auchan du r\u00e9seau Casino sert de pr\u00e9texte au blocage des n\u00e9gociations et masque des orientations strat\u00e9giques sans perspectives ou hasardeuses, comme cette mise en place des caisses automatiques g\u00e9n\u00e9rant des millions d\u2019euros de d\u00e9marque. CGT, CFTC, CFDT et FO restent unis pour exiger une autre r\u00e9partition de la richesse produite.","protected":false},"excerpt":{"rendered":"<p>98, boulevard de la Boissi\u00e8re \u2013 Chez AUCUN, les propositions indignes de la direction en mati\u00e8re salariale (+1,5%) ont entra\u00een\u00e9 des d\u00e9brayages le 6 mars en magasin. Le rachat par Auchan du r\u00e9seau Casino sert de pr\u00e9texte au blocage des n\u00e9gociations et masque des orientations strat\u00e9giques sans perspectives ou hasardeuses, comme cette mise en place &hellip; <\/p>\n","protected":false},"author":19,"featured_media":0,"comment_status":"closed","ping_status":"open","sticky":false,"template":"","format":"standard","meta":{"footnotes":""},"categories":[2],"tags":[],"class_list":{"0":"entry","1":"post","2":"publish","3":"author-sebastien","4":"post-8601","6":"format-standard","7":"category-je-tu-ul"},"_links":{"self":[{"href":"https:\/\/www.lacgtmontreuil.fr\/index.php?rest_route=\/wp\/v2\/posts\/8601","targetHints":{"allow":["GET"]}}],"collection":[{"href":"https:\/\/www.lacgtmontreuil.fr\/index.php?rest_route=\/wp\/v2\/posts"}],"about":[{"href":"https:\/\/www.lacgtmontreuil.fr\/index.php?rest_route=\/wp\/v2\/types\/post"}],"author":[{"embeddable":true,"href":"https:\/\/www.lacgtmontreuil.fr\/index.php?rest_route=\/wp\/v2\/users\/19"}],"replies":[{"embeddable":true,"href":"https:\/\/www.lacgtmontreuil.fr\/index.php?rest_route=%2Fwp%2Fv2%2Fcomments&post=8601"}],"version-history":[{"count":1,"href":"https:\/\/www.lacgtmontreuil.fr\/index.php?rest_route=\/wp\/v2\/posts\/8601\/revisions"}],"predecessor-version":[{"id":8604,"href":"https:\/\/www.lacgtmontreuil.fr\/index.php?rest_route=\/wp\/v2\/posts\/8601\/revisions\/8604"}],"wp:attachment":[{"href":"https:\/\/www.lacgtmontreuil.fr\/index.php?rest_route=%2Fwp%2Fv2%2Fmedia&parent=8601"}],"wp:term":[{"taxonomy":"category","embeddable":true,"href":"https:\/\/www.lacgtmontreuil.fr\/index.php?rest_route=%2Fwp%2Fv2%2Fcategories&post=8601"},{"taxonomy":"post_tag","embeddable":true,"href":"https:\/\/www.lacgtmontreuil.fr\/index.php?rest_route=%2Fwp%2Fv2%2Ftags&post=8601"}],"curies":[{"name":"wp","href":"https:\/\/api.w.org\/{rel}","templated":true}]}}