{"id":8589,"date":"2024-03-09T19:07:14","date_gmt":"2024-03-09T18:07:14","guid":{"rendered":"https:\/\/www.lacgtmontreuil.fr\/?p=8589"},"modified":"2024-03-09T19:07:15","modified_gmt":"2024-03-09T18:07:15","slug":"je-tu-ul-n461-greve-feministe-dans-lecole","status":"publish","type":"post","link":"https:\/\/www.lacgtmontreuil.fr\/?p=8589","title":{"rendered":"Je, Tu, UL n\u00b0461 &#8211; GR\u00c8VE F\u00c9MINISTE DANS L\u2019\u00c9COLE"},"content":{"rendered":"Les 7 et 8 mars, les personnels de l\u2019EDUCATION NATIONALE, ceux notamment des coll\u00e8ges et lyc\u00e9es de Montreuil, \u00e9taient en gr\u00e8ve pour un plan d\u2019urgence d\u00e9partementale. Profession f\u00e9minis\u00e9e, profession paup\u00e9ris\u00e9e, l\u2019enseignement conna\u00eet une maltraitance institutionnelle avec le \u00ab choc des savoirs \u00bb et les groupes de niveaux dans un contexte de suppression de postes et d\u2019aust\u00e9rit\u00e9 salariale. Sans surprise, la gr\u00e8ve du 7 a \u00e9t\u00e9 reconduite dans la plupart des \u00e9tablissements le 8 pour la journ\u00e9e internationale de lutte pour les droits des femmes.","protected":false},"excerpt":{"rendered":"<p>Les 7 et 8 mars, les personnels de l\u2019EDUCATION NATIONALE, ceux notamment des coll\u00e8ges et lyc\u00e9es de Montreuil, \u00e9taient en gr\u00e8ve pour un plan d\u2019urgence d\u00e9partementale. Profession f\u00e9minis\u00e9e, profession paup\u00e9ris\u00e9e, l\u2019enseignement conna\u00eet une maltraitance institutionnelle avec le \u00ab choc des savoirs \u00bb et les groupes de niveaux dans un contexte de suppression de postes et &hellip; <\/p>\n","protected":false},"author":19,"featured_media":0,"comment_status":"closed","ping_status":"open","sticky":false,"template":"","format":"standard","meta":{"footnotes":""},"categories":[2],"tags":[],"class_list":{"0":"entry","1":"post","2":"publish","3":"author-sebastien","4":"post-8589","6":"format-standard","7":"category-je-tu-ul"},"_links":{"self":[{"href":"https:\/\/www.lacgtmontreuil.fr\/index.php?rest_route=\/wp\/v2\/posts\/8589","targetHints":{"allow":["GET"]}}],"collection":[{"href":"https:\/\/www.lacgtmontreuil.fr\/index.php?rest_route=\/wp\/v2\/posts"}],"about":[{"href":"https:\/\/www.lacgtmontreuil.fr\/index.php?rest_route=\/wp\/v2\/types\/post"}],"author":[{"embeddable":true,"href":"https:\/\/www.lacgtmontreuil.fr\/index.php?rest_route=\/wp\/v2\/users\/19"}],"replies":[{"embeddable":true,"href":"https:\/\/www.lacgtmontreuil.fr\/index.php?rest_route=%2Fwp%2Fv2%2Fcomments&post=8589"}],"version-history":[{"count":1,"href":"https:\/\/www.lacgtmontreuil.fr\/index.php?rest_route=\/wp\/v2\/posts\/8589\/revisions"}],"predecessor-version":[{"id":8592,"href":"https:\/\/www.lacgtmontreuil.fr\/index.php?rest_route=\/wp\/v2\/posts\/8589\/revisions\/8592"}],"wp:attachment":[{"href":"https:\/\/www.lacgtmontreuil.fr\/index.php?rest_route=%2Fwp%2Fv2%2Fmedia&parent=8589"}],"wp:term":[{"taxonomy":"category","embeddable":true,"href":"https:\/\/www.lacgtmontreuil.fr\/index.php?rest_route=%2Fwp%2Fv2%2Fcategories&post=8589"},{"taxonomy":"post_tag","embeddable":true,"href":"https:\/\/www.lacgtmontreuil.fr\/index.php?rest_route=%2Fwp%2Fv2%2Ftags&post=8589"}],"curies":[{"name":"wp","href":"https:\/\/api.w.org\/{rel}","templated":true}]}}