{"id":8580,"date":"2024-02-29T14:59:27","date_gmt":"2024-02-29T13:59:27","guid":{"rendered":"https:\/\/www.lacgtmontreuil.fr\/?p=8580"},"modified":"2024-05-30T15:38:17","modified_gmt":"2024-05-30T13:38:17","slug":"edito-formation-sacrifiee","status":"publish","type":"post","link":"https:\/\/www.lacgtmontreuil.fr\/?p=8580","title":{"rendered":"Edito &#8211; Formation sacrifi\u00e9e"},"content":{"rendered":"\n<p>On connait le d\u00e9labrement de l&rsquo;\u00e9cole en Seine-Saint-Denis  : les enseignants sont en gr\u00e8ve pour un <em>\u00ab\u00a0plan<\/em> <em>de rattrapage\u00a0\u00bb<\/em> qui en dit long sur l&rsquo;\u00e9tat de la<strong> formation initiale<\/strong>. Cette fois, c&rsquo;est le<strong> CPF<\/strong> qui est attaqu\u00e9 et donc le droit \u00e0 une<strong> formation professionnelle ind\u00e9pendante de l&#8217;employeur<\/strong>.<br>Issu du DIF (Droit Individuel \u00e0 la Formation), le <strong>CPF<\/strong> (Compte Personnel de Formation) ouvre un financement jusqu&rsquo;\u00e0 8000 euros \u00e0 tout salari\u00e9 du public comme du priv\u00e9 pour<strong> des formations certifiantes.<\/strong> <br>En 2019, ce droit qui \u00e9tait comptabilis\u00e9 en heures de formation, a \u00e9t\u00e9 mon\u00e9taris\u00e9, avec un <strong>tarif \u00e0 15 euros<\/strong> fix\u00e9 pour l&rsquo;heure de formation : les formations plus on\u00e9reuses ont ainsi \u00e9t\u00e9 \u00e9cart\u00e9es du dispositif. <br>Aujourd&rsquo;hui, c&rsquo;est un<strong> reste \u00e0 charge de 10% du co\u00fbt <\/strong>de la formation aux frais du salari\u00e9 qui est ajout\u00e9, pour encore freiner l&rsquo;acc\u00e8s au CPF. Avec un D\u00e9cret pr\u00e9vu en avril prochain, dans le cadre des 10 milliards de <em>coupe budg\u00e9taire<\/em> annonc\u00e9s par Bruno LEMAIRE.<br>Malgr\u00e9 les alertes de la Caisse des D\u00e9p\u00f4ts qui g\u00e8re l&rsquo;argent des CPF, celui-ci semble d\u00e9sormais fl\u00e9ch\u00e9 pour plus <strong>servir les arnaques<\/strong> d&rsquo;organismes de formation-bidon, que pour<strong> r\u00e9pondre aux besoins de qualification et de promotion sociale. <\/strong><br><br><\/p>\n","protected":false},"excerpt":{"rendered":"<p>On connait le d\u00e9labrement de l&rsquo;\u00e9cole en Seine-Saint-Denis : les enseignants sont en gr\u00e8ve pour un \u00ab\u00a0plan de rattrapage\u00a0\u00bb qui en dit long sur l&rsquo;\u00e9tat de la formation initiale. Cette fois, c&rsquo;est le CPF qui est attaqu\u00e9 et donc le droit \u00e0 une formation professionnelle ind\u00e9pendante de l&#8217;employeur.Issu du DIF (Droit Individuel \u00e0 la Formation), &hellip; <\/p>\n","protected":false},"author":6,"featured_media":0,"comment_status":"closed","ping_status":"open","sticky":false,"template":"","format":"standard","meta":{"footnotes":""},"categories":[21],"tags":[],"class_list":{"0":"entry","1":"post","2":"publish","3":"author-richard","4":"post-8580","6":"format-standard","7":"category-editos"},"_links":{"self":[{"href":"https:\/\/www.lacgtmontreuil.fr\/index.php?rest_route=\/wp\/v2\/posts\/8580","targetHints":{"allow":["GET"]}}],"collection":[{"href":"https:\/\/www.lacgtmontreuil.fr\/index.php?rest_route=\/wp\/v2\/posts"}],"about":[{"href":"https:\/\/www.lacgtmontreuil.fr\/index.php?rest_route=\/wp\/v2\/types\/post"}],"author":[{"embeddable":true,"href":"https:\/\/www.lacgtmontreuil.fr\/index.php?rest_route=\/wp\/v2\/users\/6"}],"replies":[{"embeddable":true,"href":"https:\/\/www.lacgtmontreuil.fr\/index.php?rest_route=%2Fwp%2Fv2%2Fcomments&post=8580"}],"version-history":[{"count":2,"href":"https:\/\/www.lacgtmontreuil.fr\/index.php?rest_route=\/wp\/v2\/posts\/8580\/revisions"}],"predecessor-version":[{"id":8587,"href":"https:\/\/www.lacgtmontreuil.fr\/index.php?rest_route=\/wp\/v2\/posts\/8580\/revisions\/8587"}],"wp:attachment":[{"href":"https:\/\/www.lacgtmontreuil.fr\/index.php?rest_route=%2Fwp%2Fv2%2Fmedia&parent=8580"}],"wp:term":[{"taxonomy":"category","embeddable":true,"href":"https:\/\/www.lacgtmontreuil.fr\/index.php?rest_route=%2Fwp%2Fv2%2Fcategories&post=8580"},{"taxonomy":"post_tag","embeddable":true,"href":"https:\/\/www.lacgtmontreuil.fr\/index.php?rest_route=%2Fwp%2Fv2%2Ftags&post=8580"}],"curies":[{"name":"wp","href":"https:\/\/api.w.org\/{rel}","templated":true}]}}