{"id":8571,"date":"2024-02-25T20:55:20","date_gmt":"2024-02-25T19:55:20","guid":{"rendered":"https:\/\/www.lacgtmontreuil.fr\/?p=8571"},"modified":"2024-02-25T20:55:20","modified_gmt":"2024-02-25T19:55:20","slug":"je-tu-ul-n460-licenciement-cluedo","status":"publish","type":"post","link":"https:\/\/www.lacgtmontreuil.fr\/?p=8571","title":{"rendered":"Je, Tu, UL n\u00b0460 &#8211; LICENCIEMENT CLUEDO"},"content":{"rendered":"278, rue de Rosny \u2013 La soci\u00e9t\u00e9 DF TRANSPORT convoque le 22 f\u00e9vrier l\u2019un de ses chauffeurs, avec mise \u00e0 pied \u00e0 titre conservatoire, dans ses bureaux du 27 rue L\u00e9on Loiseau. Lors de l\u2019entretien, l\u2019employeur annonce qu\u2019il ne conna\u00eet pas encore la faute grave reproch\u00e9e et qu\u2019une nouvelle convocation devra \u00eatre programm\u00e9e\u2026 Sans attendre l\u2019issue de ce qui pourrait ressembler \u00e0 une farce, si un emploi n\u2019\u00e9tait pas jeu, la CGT exige le paiement de la mise \u00e0 pied.","protected":false},"excerpt":{"rendered":"<p>278, rue de Rosny \u2013 La soci\u00e9t\u00e9 DF TRANSPORT convoque le 22 f\u00e9vrier l\u2019un de ses chauffeurs, avec mise \u00e0 pied \u00e0 titre conservatoire, dans ses bureaux du 27 rue L\u00e9on Loiseau. Lors de l\u2019entretien, l\u2019employeur annonce qu\u2019il ne conna\u00eet pas encore la faute grave reproch\u00e9e et qu\u2019une nouvelle convocation devra \u00eatre programm\u00e9e\u2026 Sans attendre &hellip; <\/p>\n","protected":false},"author":19,"featured_media":0,"comment_status":"closed","ping_status":"open","sticky":false,"template":"","format":"standard","meta":{"footnotes":""},"categories":[2],"tags":[],"class_list":{"0":"entry","1":"post","2":"publish","3":"author-sebastien","4":"post-8571","6":"format-standard","7":"category-je-tu-ul"},"_links":{"self":[{"href":"https:\/\/www.lacgtmontreuil.fr\/index.php?rest_route=\/wp\/v2\/posts\/8571","targetHints":{"allow":["GET"]}}],"collection":[{"href":"https:\/\/www.lacgtmontreuil.fr\/index.php?rest_route=\/wp\/v2\/posts"}],"about":[{"href":"https:\/\/www.lacgtmontreuil.fr\/index.php?rest_route=\/wp\/v2\/types\/post"}],"author":[{"embeddable":true,"href":"https:\/\/www.lacgtmontreuil.fr\/index.php?rest_route=\/wp\/v2\/users\/19"}],"replies":[{"embeddable":true,"href":"https:\/\/www.lacgtmontreuil.fr\/index.php?rest_route=%2Fwp%2Fv2%2Fcomments&post=8571"}],"version-history":[{"count":1,"href":"https:\/\/www.lacgtmontreuil.fr\/index.php?rest_route=\/wp\/v2\/posts\/8571\/revisions"}],"predecessor-version":[{"id":8574,"href":"https:\/\/www.lacgtmontreuil.fr\/index.php?rest_route=\/wp\/v2\/posts\/8571\/revisions\/8574"}],"wp:attachment":[{"href":"https:\/\/www.lacgtmontreuil.fr\/index.php?rest_route=%2Fwp%2Fv2%2Fmedia&parent=8571"}],"wp:term":[{"taxonomy":"category","embeddable":true,"href":"https:\/\/www.lacgtmontreuil.fr\/index.php?rest_route=%2Fwp%2Fv2%2Fcategories&post=8571"},{"taxonomy":"post_tag","embeddable":true,"href":"https:\/\/www.lacgtmontreuil.fr\/index.php?rest_route=%2Fwp%2Fv2%2Ftags&post=8571"}],"curies":[{"name":"wp","href":"https:\/\/api.w.org\/{rel}","templated":true}]}}