{"id":8553,"date":"2024-02-25T20:55:09","date_gmt":"2024-02-25T19:55:09","guid":{"rendered":"https:\/\/www.lacgtmontreuil.fr\/?p=8553"},"modified":"2024-02-25T20:55:10","modified_gmt":"2024-02-25T19:55:10","slug":"je-tu-ul-n460-mort-au-travail","status":"publish","type":"post","link":"https:\/\/www.lacgtmontreuil.fr\/?p=8553","title":{"rendered":"Je, Tu, UL n\u00b0460 &#8211; MORT AU TRAVAIL"},"content":{"rendered":"1-3, rue du Clos Fran\u00e7ais \u2013 BOUYGUES HABITAL SOCIAL est en charge du chantier de r\u00e9habilitation des 400 logements de la cit\u00e9. Mercredi 21, un ouvrier est mort sur le chantier, \u00e9cras\u00e9 par la chute d\u2019un engin mal arrim\u00e9, tomb\u00e9 du 9\u00e8me \u00e9tage. C\u2019est en France le 43\u00e8me mort au travail depuis le d\u00e9but de l\u2019ann\u00e9e : une h\u00e9catombe invisible qui ne cesse de progresser depuis la suppression des CHSCT et avec le d\u00e9sarmement de l\u2019inspection du travail. La Municipalit\u00e9 a fait arr\u00eater le chantier pour les besoins de l\u2019enqu\u00eate et contenir le traumatisme psychologique des coll\u00e8gues et habitants.","protected":false},"excerpt":{"rendered":"<p>1-3, rue du Clos Fran\u00e7ais \u2013 BOUYGUES HABITAL SOCIAL est en charge du chantier de r\u00e9habilitation des 400 logements de la cit\u00e9. Mercredi 21, un ouvrier est mort sur le chantier, \u00e9cras\u00e9 par la chute d\u2019un engin mal arrim\u00e9, tomb\u00e9 du 9\u00e8me \u00e9tage. C\u2019est en France le 43\u00e8me mort au travail depuis le d\u00e9but de &hellip; <\/p>\n","protected":false},"author":19,"featured_media":0,"comment_status":"closed","ping_status":"open","sticky":false,"template":"","format":"standard","meta":{"footnotes":""},"categories":[2],"tags":[],"class_list":{"0":"entry","1":"post","2":"publish","3":"author-sebastien","4":"post-8553","6":"format-standard","7":"category-je-tu-ul"},"_links":{"self":[{"href":"https:\/\/www.lacgtmontreuil.fr\/index.php?rest_route=\/wp\/v2\/posts\/8553","targetHints":{"allow":["GET"]}}],"collection":[{"href":"https:\/\/www.lacgtmontreuil.fr\/index.php?rest_route=\/wp\/v2\/posts"}],"about":[{"href":"https:\/\/www.lacgtmontreuil.fr\/index.php?rest_route=\/wp\/v2\/types\/post"}],"author":[{"embeddable":true,"href":"https:\/\/www.lacgtmontreuil.fr\/index.php?rest_route=\/wp\/v2\/users\/19"}],"replies":[{"embeddable":true,"href":"https:\/\/www.lacgtmontreuil.fr\/index.php?rest_route=%2Fwp%2Fv2%2Fcomments&post=8553"}],"version-history":[{"count":1,"href":"https:\/\/www.lacgtmontreuil.fr\/index.php?rest_route=\/wp\/v2\/posts\/8553\/revisions"}],"predecessor-version":[{"id":8556,"href":"https:\/\/www.lacgtmontreuil.fr\/index.php?rest_route=\/wp\/v2\/posts\/8553\/revisions\/8556"}],"wp:attachment":[{"href":"https:\/\/www.lacgtmontreuil.fr\/index.php?rest_route=%2Fwp%2Fv2%2Fmedia&parent=8553"}],"wp:term":[{"taxonomy":"category","embeddable":true,"href":"https:\/\/www.lacgtmontreuil.fr\/index.php?rest_route=%2Fwp%2Fv2%2Fcategories&post=8553"},{"taxonomy":"post_tag","embeddable":true,"href":"https:\/\/www.lacgtmontreuil.fr\/index.php?rest_route=%2Fwp%2Fv2%2Ftags&post=8553"}],"curies":[{"name":"wp","href":"https:\/\/api.w.org\/{rel}","templated":true}]}}