{"id":8539,"date":"2024-02-10T16:45:36","date_gmt":"2024-02-10T15:45:36","guid":{"rendered":"https:\/\/www.lacgtmontreuil.fr\/?p=8539"},"modified":"2024-02-10T16:45:37","modified_gmt":"2024-02-10T15:45:37","slug":"je-tu-ul-n459-sororite-mal-placee","status":"publish","type":"post","link":"https:\/\/www.lacgtmontreuil.fr\/?p=8539","title":{"rendered":"Je, Tu, UL n\u00b0459 &#8211; SORORIT\u00c9 MAL PLAC\u00c9E"},"content":{"rendered":"56, rue Moli\u00e8re \u2013 La boulangerie AYYOUR devient la boulangerie AMAN par reprise du fonds entre soeurs. Mais pour le boulanger, notre camarade Lahoucine ANEJJAR, il y a comme de l\u2019ergot dans le seigle. D\u00e9termin\u00e9e \u00e0 faire \u00e9chec au transfert de son contrat de travail, la patronne commence par insister pour qu\u2019il d\u00e9missionne, puis le convoque en vue d\u2019un licenciement, enfin, lui promet une embauche \u00ab \u00e0 l\u2019issue d\u2019une p\u00e9riode d\u2019essai de deux semaines \u00bb. Un march\u00e9 de dupe que Lahoucine, sur les conseils et \u00e9clairages de la conseill\u00e8re du salari\u00e9 qui l\u2019assistait, a refus\u00e9.","protected":false},"excerpt":{"rendered":"<p>56, rue Moli\u00e8re \u2013 La boulangerie AYYOUR devient la boulangerie AMAN par reprise du fonds entre soeurs. Mais pour le boulanger, notre camarade Lahoucine ANEJJAR, il y a comme de l\u2019ergot dans le seigle. D\u00e9termin\u00e9e \u00e0 faire \u00e9chec au transfert de son contrat de travail, la patronne commence par insister pour qu\u2019il d\u00e9missionne, puis le &hellip; <\/p>\n","protected":false},"author":19,"featured_media":0,"comment_status":"closed","ping_status":"open","sticky":false,"template":"","format":"standard","meta":{"footnotes":""},"categories":[2],"tags":[],"class_list":{"0":"entry","1":"post","2":"publish","3":"author-sebastien","4":"post-8539","6":"format-standard","7":"category-je-tu-ul"},"_links":{"self":[{"href":"https:\/\/www.lacgtmontreuil.fr\/index.php?rest_route=\/wp\/v2\/posts\/8539","targetHints":{"allow":["GET"]}}],"collection":[{"href":"https:\/\/www.lacgtmontreuil.fr\/index.php?rest_route=\/wp\/v2\/posts"}],"about":[{"href":"https:\/\/www.lacgtmontreuil.fr\/index.php?rest_route=\/wp\/v2\/types\/post"}],"author":[{"embeddable":true,"href":"https:\/\/www.lacgtmontreuil.fr\/index.php?rest_route=\/wp\/v2\/users\/19"}],"replies":[{"embeddable":true,"href":"https:\/\/www.lacgtmontreuil.fr\/index.php?rest_route=%2Fwp%2Fv2%2Fcomments&post=8539"}],"version-history":[{"count":1,"href":"https:\/\/www.lacgtmontreuil.fr\/index.php?rest_route=\/wp\/v2\/posts\/8539\/revisions"}],"predecessor-version":[{"id":8542,"href":"https:\/\/www.lacgtmontreuil.fr\/index.php?rest_route=\/wp\/v2\/posts\/8539\/revisions\/8542"}],"wp:attachment":[{"href":"https:\/\/www.lacgtmontreuil.fr\/index.php?rest_route=%2Fwp%2Fv2%2Fmedia&parent=8539"}],"wp:term":[{"taxonomy":"category","embeddable":true,"href":"https:\/\/www.lacgtmontreuil.fr\/index.php?rest_route=%2Fwp%2Fv2%2Fcategories&post=8539"},{"taxonomy":"post_tag","embeddable":true,"href":"https:\/\/www.lacgtmontreuil.fr\/index.php?rest_route=%2Fwp%2Fv2%2Ftags&post=8539"}],"curies":[{"name":"wp","href":"https:\/\/api.w.org\/{rel}","templated":true}]}}