{"id":8533,"date":"2024-02-10T16:45:51","date_gmt":"2024-02-10T15:45:51","guid":{"rendered":"https:\/\/www.lacgtmontreuil.fr\/?p=8533"},"modified":"2024-02-10T16:45:52","modified_gmt":"2024-02-10T15:45:52","slug":"je-tu-ul-n459-jumelage-et-solidarite","status":"publish","type":"post","link":"https:\/\/www.lacgtmontreuil.fr\/?p=8533","title":{"rendered":"Je, Tu, UL n\u00b0459 &#8211; JUMELAGE ET SOLIDARIT\u00c9"},"content":{"rendered":"Rue Beit Sira \u2013 L\u2019UL CGT participait le 9 f\u00e9vrier \u00e0 la veill\u00e9e de solidarit\u00e9 pour un cessez-le-feu \u00e0 Gaza, organis\u00e9e par plusieurs collectifs. La rue qui porte le nom d\u2019une ville de Palestine jumel\u00e9e avec Montreuil, \u00e9tait le cadre symbolique de ce rassemblement. L\u2019occasion pour la CGT de rappeler que la complicit\u00e9 de la France pouvait \u00eatre combattue avec la demande de suspension de l\u2019accord Union Europ\u00e9en-Isra\u00ebl, et l\u2019exclusion lors des \u00ab JO \u00bb des couleurs isra\u00e9liennes.","protected":false},"excerpt":{"rendered":"<p>Rue Beit Sira \u2013 L\u2019UL CGT participait le 9 f\u00e9vrier \u00e0 la veill\u00e9e de solidarit\u00e9 pour un cessez-le-feu \u00e0 Gaza, organis\u00e9e par plusieurs collectifs. La rue qui porte le nom d\u2019une ville de Palestine jumel\u00e9e avec Montreuil, \u00e9tait le cadre symbolique de ce rassemblement. L\u2019occasion pour la CGT de rappeler que la complicit\u00e9 de la &hellip; <\/p>\n","protected":false},"author":19,"featured_media":0,"comment_status":"closed","ping_status":"open","sticky":false,"template":"","format":"standard","meta":{"footnotes":""},"categories":[2],"tags":[],"class_list":{"0":"entry","1":"post","2":"publish","3":"author-sebastien","4":"post-8533","6":"format-standard","7":"category-je-tu-ul"},"_links":{"self":[{"href":"https:\/\/www.lacgtmontreuil.fr\/index.php?rest_route=\/wp\/v2\/posts\/8533","targetHints":{"allow":["GET"]}}],"collection":[{"href":"https:\/\/www.lacgtmontreuil.fr\/index.php?rest_route=\/wp\/v2\/posts"}],"about":[{"href":"https:\/\/www.lacgtmontreuil.fr\/index.php?rest_route=\/wp\/v2\/types\/post"}],"author":[{"embeddable":true,"href":"https:\/\/www.lacgtmontreuil.fr\/index.php?rest_route=\/wp\/v2\/users\/19"}],"replies":[{"embeddable":true,"href":"https:\/\/www.lacgtmontreuil.fr\/index.php?rest_route=%2Fwp%2Fv2%2Fcomments&post=8533"}],"version-history":[{"count":1,"href":"https:\/\/www.lacgtmontreuil.fr\/index.php?rest_route=\/wp\/v2\/posts\/8533\/revisions"}],"predecessor-version":[{"id":8536,"href":"https:\/\/www.lacgtmontreuil.fr\/index.php?rest_route=\/wp\/v2\/posts\/8533\/revisions\/8536"}],"wp:attachment":[{"href":"https:\/\/www.lacgtmontreuil.fr\/index.php?rest_route=%2Fwp%2Fv2%2Fmedia&parent=8533"}],"wp:term":[{"taxonomy":"category","embeddable":true,"href":"https:\/\/www.lacgtmontreuil.fr\/index.php?rest_route=%2Fwp%2Fv2%2Fcategories&post=8533"},{"taxonomy":"post_tag","embeddable":true,"href":"https:\/\/www.lacgtmontreuil.fr\/index.php?rest_route=%2Fwp%2Fv2%2Ftags&post=8533"}],"curies":[{"name":"wp","href":"https:\/\/api.w.org\/{rel}","templated":true}]}}