{"id":8514,"date":"2024-02-04T15:57:12","date_gmt":"2024-02-04T14:57:12","guid":{"rendered":"https:\/\/www.lacgtmontreuil.fr\/?p=8514"},"modified":"2024-02-04T15:57:13","modified_gmt":"2024-02-04T14:57:13","slug":"je-tu-ul-n-458-nouvelle-elue-et-mandatee","status":"publish","type":"post","link":"https:\/\/www.lacgtmontreuil.fr\/?p=8514","title":{"rendered":"Je, Tu, UL n\u00b0 458 &#8211;\u00a0NOUVELLE \u00c9LUE ET MANDAT\u00c9E"},"content":{"rendered":"\n<p>3, rue Franklin \u2013 La MNFCT avait vot\u00e9 en d\u00e9cembre dernier pour renouveler son CSE et \u00e9lire les repr\u00e9sentants du personnel au Conseil d\u2019Administration. Il restait \u00e0 d\u00e9signer la d\u00e9l\u00e9gu\u00e9e syndicale et c\u2019est notre camarade Christ-Reine HODONOU \u00e0 qui revient ce mandat, les animatrices de l\u2019ancienne section CGT \u00e9tant partie en retraite.\u00a0<\/p>\n","protected":false},"excerpt":{"rendered":"<p>3, rue Franklin \u2013 La MNFCT avait vot\u00e9 en d\u00e9cembre dernier pour renouveler son CSE et \u00e9lire les repr\u00e9sentants du personnel au Conseil d\u2019Administration. Il restait \u00e0 d\u00e9signer la d\u00e9l\u00e9gu\u00e9e syndicale et c\u2019est notre camarade Christ-Reine HODONOU \u00e0 qui revient ce mandat, les animatrices de l\u2019ancienne section CGT \u00e9tant partie en retraite.\u00a0<\/p>\n","protected":false},"author":19,"featured_media":0,"comment_status":"closed","ping_status":"open","sticky":false,"template":"","format":"standard","meta":{"footnotes":""},"categories":[2],"tags":[],"class_list":{"0":"entry","1":"post","2":"publish","3":"author-sebastien","4":"post-8514","6":"format-standard","7":"category-je-tu-ul"},"_links":{"self":[{"href":"https:\/\/www.lacgtmontreuil.fr\/index.php?rest_route=\/wp\/v2\/posts\/8514","targetHints":{"allow":["GET"]}}],"collection":[{"href":"https:\/\/www.lacgtmontreuil.fr\/index.php?rest_route=\/wp\/v2\/posts"}],"about":[{"href":"https:\/\/www.lacgtmontreuil.fr\/index.php?rest_route=\/wp\/v2\/types\/post"}],"author":[{"embeddable":true,"href":"https:\/\/www.lacgtmontreuil.fr\/index.php?rest_route=\/wp\/v2\/users\/19"}],"replies":[{"embeddable":true,"href":"https:\/\/www.lacgtmontreuil.fr\/index.php?rest_route=%2Fwp%2Fv2%2Fcomments&post=8514"}],"version-history":[{"count":1,"href":"https:\/\/www.lacgtmontreuil.fr\/index.php?rest_route=\/wp\/v2\/posts\/8514\/revisions"}],"predecessor-version":[{"id":8517,"href":"https:\/\/www.lacgtmontreuil.fr\/index.php?rest_route=\/wp\/v2\/posts\/8514\/revisions\/8517"}],"wp:attachment":[{"href":"https:\/\/www.lacgtmontreuil.fr\/index.php?rest_route=%2Fwp%2Fv2%2Fmedia&parent=8514"}],"wp:term":[{"taxonomy":"category","embeddable":true,"href":"https:\/\/www.lacgtmontreuil.fr\/index.php?rest_route=%2Fwp%2Fv2%2Fcategories&post=8514"},{"taxonomy":"post_tag","embeddable":true,"href":"https:\/\/www.lacgtmontreuil.fr\/index.php?rest_route=%2Fwp%2Fv2%2Ftags&post=8514"}],"curies":[{"name":"wp","href":"https:\/\/api.w.org\/{rel}","templated":true}]}}