{"id":8508,"date":"2024-02-04T15:56:42","date_gmt":"2024-02-04T14:56:42","guid":{"rendered":"https:\/\/www.lacgtmontreuil.fr\/?p=8508"},"modified":"2024-02-04T15:56:43","modified_gmt":"2024-02-04T14:56:43","slug":"je-tu-ul-n458-la-douane-aux-jeux","status":"publish","type":"post","link":"https:\/\/www.lacgtmontreuil.fr\/?p=8508","title":{"rendered":"Je, Tu, UL n\u00b0458 &#8211;\u00a0LA DOUANE AUX JEUX"},"content":{"rendered":"\n<p>11, rue des Deux Communes \u2013 A la DOUANE, le groupe de travail sur les Jeux Olympiques qui devait se tenir le 1er f\u00e9vrier a \u00e9t\u00e9 annul\u00e9 sine die. Les propositions de la direction \u00e9taient sans doute trop minimalistes : une prime \u00ab JO \u00bb pour les seuls agents de surveillance contraints de reporter leurs cong\u00e9s, des solutions cr\u00e8ches et colonies de vacances\u2026 mais rien pour les enfants du personnel scolaris\u00e9s en maternelle et primaire, et une prise en charge par la Mutuelle des frais de garde limit\u00e9e \u00e0 50%. Pas de quoi attiser la flamme olympique en effet !\u00a0<\/p>\n","protected":false},"excerpt":{"rendered":"<p>11, rue des Deux Communes \u2013 A la DOUANE, le groupe de travail sur les Jeux Olympiques qui devait se tenir le 1er f\u00e9vrier a \u00e9t\u00e9 annul\u00e9 sine die. Les propositions de la direction \u00e9taient sans doute trop minimalistes : une prime \u00ab JO \u00bb pour les seuls agents de surveillance contraints de reporter leurs &hellip; <\/p>\n","protected":false},"author":19,"featured_media":0,"comment_status":"closed","ping_status":"open","sticky":false,"template":"","format":"standard","meta":{"footnotes":""},"categories":[2],"tags":[],"class_list":{"0":"entry","1":"post","2":"publish","3":"author-sebastien","4":"post-8508","6":"format-standard","7":"category-je-tu-ul"},"_links":{"self":[{"href":"https:\/\/www.lacgtmontreuil.fr\/index.php?rest_route=\/wp\/v2\/posts\/8508","targetHints":{"allow":["GET"]}}],"collection":[{"href":"https:\/\/www.lacgtmontreuil.fr\/index.php?rest_route=\/wp\/v2\/posts"}],"about":[{"href":"https:\/\/www.lacgtmontreuil.fr\/index.php?rest_route=\/wp\/v2\/types\/post"}],"author":[{"embeddable":true,"href":"https:\/\/www.lacgtmontreuil.fr\/index.php?rest_route=\/wp\/v2\/users\/19"}],"replies":[{"embeddable":true,"href":"https:\/\/www.lacgtmontreuil.fr\/index.php?rest_route=%2Fwp%2Fv2%2Fcomments&post=8508"}],"version-history":[{"count":1,"href":"https:\/\/www.lacgtmontreuil.fr\/index.php?rest_route=\/wp\/v2\/posts\/8508\/revisions"}],"predecessor-version":[{"id":8511,"href":"https:\/\/www.lacgtmontreuil.fr\/index.php?rest_route=\/wp\/v2\/posts\/8508\/revisions\/8511"}],"wp:attachment":[{"href":"https:\/\/www.lacgtmontreuil.fr\/index.php?rest_route=%2Fwp%2Fv2%2Fmedia&parent=8508"}],"wp:term":[{"taxonomy":"category","embeddable":true,"href":"https:\/\/www.lacgtmontreuil.fr\/index.php?rest_route=%2Fwp%2Fv2%2Fcategories&post=8508"},{"taxonomy":"post_tag","embeddable":true,"href":"https:\/\/www.lacgtmontreuil.fr\/index.php?rest_route=%2Fwp%2Fv2%2Ftags&post=8508"}],"curies":[{"name":"wp","href":"https:\/\/api.w.org\/{rel}","templated":true}]}}