{"id":850,"date":"2018-02-18T17:41:58","date_gmt":"2018-02-18T16:41:58","guid":{"rendered":"http:\/\/www.lacgtmontreuil.fr\/?p=850"},"modified":"2018-02-18T17:41:58","modified_gmt":"2018-02-18T16:41:58","slug":"je-tu-ul-debut-septembre-2013-n-138","status":"publish","type":"post","link":"https:\/\/www.lacgtmontreuil.fr\/?p=850","title":{"rendered":"Je, Tu, UL\u2026  D\u00e9but septembre 2013  N\u00b0 138"},"content":{"rendered":"<p><strong> Les br\u00e8ves de l\u2019UL CGT de Montreuil, 24, rue de Paris<\/strong><\/p>\n<p><img loading=\"lazy\" decoding=\"async\" width=\"109\" height=\"155\" class=\"wp-image-851\" src=\"https:\/\/www.lacgtmontreuil.fr\/wp-content\/uploads\/2018\/02\/logo_cgt-99.jpeg\" alt=\"logo_cgt\" \/>\u00a0\u00a0 <strong>Je, Tu, UL\u2026\u00a0 D\u00e9but septembre 2013\u00a0 N\u00b0 138<\/strong><\/p>\n<p><em>\u00ab\u00a060\u00a0! Respectez la limitation de vieillesse\u00a0!\u00a0\u00bb<\/em><\/p>\n<p><strong>CONTRATS LOW COST :<\/strong> 59, rue de La R\u00e9publique \u2013 Chez BNP-PARIBAS, la direction a somm\u00e9 cet \u00e9t\u00e9 ses salari\u00e9s expatri\u00e9s \u00e0 La City de Londres, de choisir entre le retour en France ou un contrat de droit anglais, avec 4 petites semaines pour r\u00e9fl\u00e9chir. Une centaine d\u2019entre eux, soutenus par la CGT, s\u2019est aussit\u00f4t constitu\u00e9e en Collectif des Expatri\u00e9s de Londres, pour exiger la suspension de la proc\u00e9dure en cours et la tenue d\u2019une r\u00e9union exceptionnelle du CE \u00e0 leur sujet. R\u00e9union que vient d\u2019obtenir l\u2019Intersyndicale, programm\u00e9e pour le 16 septembre prochain.<\/p>\n<p><strong>ACTOM OU LA POURSUITE INFERNALE :<\/strong> 155-157, rue de Rosny \u2013 3<sup>\u00e8me<\/sup> refus d\u2019autorisation de licenciement pour R\u00e9douane NEBZRY et Patrick LEGOFF, les deux d\u00e9l\u00e9gu\u00e9s CGT d\u2019ACTOM. Furieux, l\u2019employeur profite de l\u2019\u00e9t\u00e9 pour d\u00e9m\u00e9nager ses bureaux \u00e0 Bourg-la-Reine sans pr\u00e9venir quiconque, puis re-convoque nos 2 camarades en vue d\u2019une nouvelle proc\u00e9dure. L\u2019acharnement de l\u2019employeur pr\u00e9figure vraisemblablement la 4<sup>\u00e8me<\/sup> \u00e9dition du sc\u00e9nario inaugur\u00e9 \u00e0 Montreuil\u00a0: une r\u00e9union sans consultation, portant sur des motifs \u00e9conomiques inexistants\u00a0!<\/p>\n<p><strong>EMPLOI SINGULIER :<\/strong> 283, rue de Rosny \u2013 Chez STRICHER, o\u00f9 la CGT pointe depuis longtemps les besoins d\u2019embauche, notamment en m\u00e9canique, la direction vient de convoquer pour le 12 septembre une n\u00e9gociation en vue d\u2019un accord collectif \u00ab\u00a0relatif au contrat de g\u00e9n\u00e9ration\u00a0\u00bb. Un singulier qui inqui\u00e8te d\u00e9j\u00e0 la section CGT, demandeuse de bien plus qu\u2019un unique contrat de g\u00e9n\u00e9ration\u2026<\/p>\n<p><strong>PEARSON N\u2019EST PARFAIT\u00a0:<\/strong> 15, rue Henri Rol-Tanguy \u2013 L\u2019\u00e9diteur PEARSON France voulait se d\u00e9barrasser de notre camarade Kim MULLER, d\u00e9l\u00e9gu\u00e9 du personnel accus\u00e9 de ne pas respecter des horaires collectifs (ne s\u2019appliquant qu\u2019\u00e0 lui-m\u00eame) et d\u2019avoir \u00ab\u00a0jou\u00e9 en ligne pendant le travail\u00a0\u00bb. L\u2019enqu\u00eate de l\u2019Inspection du Travail, relevant que la r\u00e9alit\u00e9 des faits n\u2019est pas \u00e9tablie, ni en tout \u00e9tat de cause recevable en regard des d\u00e9lais de prescription, l\u2019autorisation de licenciement a \u00e9t\u00e9 refus\u00e9e\u00a0!<\/p>\n<p><strong>AREPA ET \u00c7A R\u00c9PARE\u00a0:<\/strong> 33, rue Lenain de Tillemont \u2013 A l\u2019AREPA (Association de R\u00e9sidences pour Personnes \u00c2g\u00e9es), Madame OUATTARA comptabilisait 95 CDD successifs comme agent de soins depuis 2007. D\u00e9clar\u00e9e en \u00ab\u00a0fin de contrat\u00a0\u00bb en mars dernier, elle avait saisi les prud\u2019hommes avec la CGT\u00a0: lors de l\u2019audience de jugement du 5 septembre dernier, l\u2019AREPA a finalement pli\u00e9 et accept\u00e9 de la r\u00e9int\u00e9grer sur le champ avec rappel de salaires, redoutant une condamnation quasi assur\u00e9e.<\/p>\n","protected":false},"excerpt":{"rendered":"<p>Les br\u00e8ves de l\u2019UL CGT de Montreuil, 24, rue de Paris \u00a0\u00a0 Je, Tu, UL\u2026\u00a0 D\u00e9but septembre 2013\u00a0 N\u00b0 138 \u00ab\u00a060\u00a0! Respectez la limitation de vieillesse\u00a0!\u00a0\u00bb CONTRATS LOW COST : 59, rue de La R\u00e9publique \u2013 Chez BNP-PARIBAS, la direction a somm\u00e9 cet \u00e9t\u00e9 ses salari\u00e9s expatri\u00e9s \u00e0 La City de Londres, de choisir entre &hellip; <\/p>\n","protected":false},"author":1,"featured_media":0,"comment_status":"closed","ping_status":"open","sticky":false,"template":"","format":"standard","meta":{"footnotes":""},"categories":[2],"tags":[],"class_list":{"0":"entry","1":"post","2":"publish","3":"author-ulmontreuil","4":"post-850","6":"format-standard","7":"category-je-tu-ul"},"_links":{"self":[{"href":"https:\/\/www.lacgtmontreuil.fr\/index.php?rest_route=\/wp\/v2\/posts\/850","targetHints":{"allow":["GET"]}}],"collection":[{"href":"https:\/\/www.lacgtmontreuil.fr\/index.php?rest_route=\/wp\/v2\/posts"}],"about":[{"href":"https:\/\/www.lacgtmontreuil.fr\/index.php?rest_route=\/wp\/v2\/types\/post"}],"author":[{"embeddable":true,"href":"https:\/\/www.lacgtmontreuil.fr\/index.php?rest_route=\/wp\/v2\/users\/1"}],"replies":[{"embeddable":true,"href":"https:\/\/www.lacgtmontreuil.fr\/index.php?rest_route=%2Fwp%2Fv2%2Fcomments&post=850"}],"version-history":[{"count":1,"href":"https:\/\/www.lacgtmontreuil.fr\/index.php?rest_route=\/wp\/v2\/posts\/850\/revisions"}],"predecessor-version":[{"id":852,"href":"https:\/\/www.lacgtmontreuil.fr\/index.php?rest_route=\/wp\/v2\/posts\/850\/revisions\/852"}],"wp:attachment":[{"href":"https:\/\/www.lacgtmontreuil.fr\/index.php?rest_route=%2Fwp%2Fv2%2Fmedia&parent=850"}],"wp:term":[{"taxonomy":"category","embeddable":true,"href":"https:\/\/www.lacgtmontreuil.fr\/index.php?rest_route=%2Fwp%2Fv2%2Fcategories&post=850"},{"taxonomy":"post_tag","embeddable":true,"href":"https:\/\/www.lacgtmontreuil.fr\/index.php?rest_route=%2Fwp%2Fv2%2Ftags&post=850"}],"curies":[{"name":"wp","href":"https:\/\/api.w.org\/{rel}","templated":true}]}}