{"id":8496,"date":"2024-02-04T15:55:19","date_gmt":"2024-02-04T14:55:19","guid":{"rendered":"https:\/\/www.lacgtmontreuil.fr\/?p=8496"},"modified":"2024-02-04T15:55:19","modified_gmt":"2024-02-04T14:55:19","slug":"je-tu-ul-n458-tessix-pour-cent","status":"publish","type":"post","link":"https:\/\/www.lacgtmontreuil.fr\/?p=8496","title":{"rendered":"Je, Tu, UL n\u00b0458 &#8211; \u00a0TESSIX POUR CENT"},"content":{"rendered":"\n<p>240, rue de Rosny \u2013 Chez TESSI CHEQUE ILE DE FRANCE, la CGT (majoritaire) aborde les n\u00e9gociations annuelles avec un plan de rattrapage sur l\u2019inflation. Avec, au premier chef, la revendication de 6% sur les salaires et la mise en place d\u2019un 13\u00e8me mois. Viennent ensuite, les exigences du choix entre paiement ou r\u00e9cup\u00e9ration des heures suppl\u00e9mentaires, d\u2019une ren\u00e9gociation de la Mutuelle, d\u2019un rel\u00e8vement des indemnit\u00e9s kilom\u00e9triques et de mise en place Compte Epargne-Temps. La direction ne s\u2019en sortira pas avec la seule promesse de l\u2019int\u00e9ressement.\u00a0<\/p>\n","protected":false},"excerpt":{"rendered":"<p>240, rue de Rosny \u2013 Chez TESSI CHEQUE ILE DE FRANCE, la CGT (majoritaire) aborde les n\u00e9gociations annuelles avec un plan de rattrapage sur l\u2019inflation. Avec, au premier chef, la revendication de 6% sur les salaires et la mise en place d\u2019un 13\u00e8me mois. Viennent ensuite, les exigences du choix entre paiement ou r\u00e9cup\u00e9ration des &hellip; <\/p>\n","protected":false},"author":19,"featured_media":0,"comment_status":"closed","ping_status":"open","sticky":false,"template":"","format":"standard","meta":{"footnotes":""},"categories":[2],"tags":[],"class_list":{"0":"entry","1":"post","2":"publish","3":"author-sebastien","4":"post-8496","6":"format-standard","7":"category-je-tu-ul"},"_links":{"self":[{"href":"https:\/\/www.lacgtmontreuil.fr\/index.php?rest_route=\/wp\/v2\/posts\/8496","targetHints":{"allow":["GET"]}}],"collection":[{"href":"https:\/\/www.lacgtmontreuil.fr\/index.php?rest_route=\/wp\/v2\/posts"}],"about":[{"href":"https:\/\/www.lacgtmontreuil.fr\/index.php?rest_route=\/wp\/v2\/types\/post"}],"author":[{"embeddable":true,"href":"https:\/\/www.lacgtmontreuil.fr\/index.php?rest_route=\/wp\/v2\/users\/19"}],"replies":[{"embeddable":true,"href":"https:\/\/www.lacgtmontreuil.fr\/index.php?rest_route=%2Fwp%2Fv2%2Fcomments&post=8496"}],"version-history":[{"count":1,"href":"https:\/\/www.lacgtmontreuil.fr\/index.php?rest_route=\/wp\/v2\/posts\/8496\/revisions"}],"predecessor-version":[{"id":8499,"href":"https:\/\/www.lacgtmontreuil.fr\/index.php?rest_route=\/wp\/v2\/posts\/8496\/revisions\/8499"}],"wp:attachment":[{"href":"https:\/\/www.lacgtmontreuil.fr\/index.php?rest_route=%2Fwp%2Fv2%2Fmedia&parent=8496"}],"wp:term":[{"taxonomy":"category","embeddable":true,"href":"https:\/\/www.lacgtmontreuil.fr\/index.php?rest_route=%2Fwp%2Fv2%2Fcategories&post=8496"},{"taxonomy":"post_tag","embeddable":true,"href":"https:\/\/www.lacgtmontreuil.fr\/index.php?rest_route=%2Fwp%2Fv2%2Ftags&post=8496"}],"curies":[{"name":"wp","href":"https:\/\/api.w.org\/{rel}","templated":true}]}}