{"id":8490,"date":"2024-02-10T16:46:13","date_gmt":"2024-02-10T15:46:13","guid":{"rendered":"https:\/\/www.lacgtmontreuil.fr\/?p=8490"},"modified":"2024-02-10T16:46:14","modified_gmt":"2024-02-10T15:46:14","slug":"je-tu-ul-n459-preavis-pour-les-salaires","status":"publish","type":"post","link":"https:\/\/www.lacgtmontreuil.fr\/?p=8490","title":{"rendered":"Je, Tu, UL n\u00b0459 &#8211; PR\u00c9AVIS POUR LES SALAIRES"},"content":{"rendered":"28, rue Armand Carrel \u2013 Chez UBISOFT, les syndicats dont la CGT sont tomb\u00e9s d\u2019accord pour laisser jusqu\u2019au 14 f\u00e9vrier \u00e0 la direction pour d\u00e9bloquer les n\u00e9gociations salariales. Le 8 f\u00e9vrier, \u00e0 l\u2019occasion de l\u2019annonce du lancement pour 2024 de deux nouveaux jeux par l\u2019\u00e9diteur, elle est rest\u00e9e sans voix lorsque des journalistes l\u2019ont interrog\u00e9e sur les perspectives du dialogue social dans l\u2019entreprise. Le pr\u00e9avis de gr\u00e8ve pour le 14 sort d\u00e9j\u00e0 du virtuel\u2026","protected":false},"excerpt":{"rendered":"<p>28, rue Armand Carrel \u2013 Chez UBISOFT, les syndicats dont la CGT sont tomb\u00e9s d\u2019accord pour laisser jusqu\u2019au 14 f\u00e9vrier \u00e0 la direction pour d\u00e9bloquer les n\u00e9gociations salariales. Le 8 f\u00e9vrier, \u00e0 l\u2019occasion de l\u2019annonce du lancement pour 2024 de deux nouveaux jeux par l\u2019\u00e9diteur, elle est rest\u00e9e sans voix lorsque des journalistes l\u2019ont interrog\u00e9e &hellip; <\/p>\n","protected":false},"author":19,"featured_media":0,"comment_status":"closed","ping_status":"open","sticky":false,"template":"","format":"standard","meta":{"footnotes":""},"categories":[2],"tags":[],"class_list":{"0":"entry","1":"post","2":"publish","3":"author-sebastien","4":"post-8490","6":"format-standard","7":"category-je-tu-ul"},"_links":{"self":[{"href":"https:\/\/www.lacgtmontreuil.fr\/index.php?rest_route=\/wp\/v2\/posts\/8490","targetHints":{"allow":["GET"]}}],"collection":[{"href":"https:\/\/www.lacgtmontreuil.fr\/index.php?rest_route=\/wp\/v2\/posts"}],"about":[{"href":"https:\/\/www.lacgtmontreuil.fr\/index.php?rest_route=\/wp\/v2\/types\/post"}],"author":[{"embeddable":true,"href":"https:\/\/www.lacgtmontreuil.fr\/index.php?rest_route=\/wp\/v2\/users\/19"}],"replies":[{"embeddable":true,"href":"https:\/\/www.lacgtmontreuil.fr\/index.php?rest_route=%2Fwp%2Fv2%2Fcomments&post=8490"}],"version-history":[{"count":1,"href":"https:\/\/www.lacgtmontreuil.fr\/index.php?rest_route=\/wp\/v2\/posts\/8490\/revisions"}],"predecessor-version":[{"id":8524,"href":"https:\/\/www.lacgtmontreuil.fr\/index.php?rest_route=\/wp\/v2\/posts\/8490\/revisions\/8524"}],"wp:attachment":[{"href":"https:\/\/www.lacgtmontreuil.fr\/index.php?rest_route=%2Fwp%2Fv2%2Fmedia&parent=8490"}],"wp:term":[{"taxonomy":"category","embeddable":true,"href":"https:\/\/www.lacgtmontreuil.fr\/index.php?rest_route=%2Fwp%2Fv2%2Fcategories&post=8490"},{"taxonomy":"post_tag","embeddable":true,"href":"https:\/\/www.lacgtmontreuil.fr\/index.php?rest_route=%2Fwp%2Fv2%2Ftags&post=8490"}],"curies":[{"name":"wp","href":"https:\/\/api.w.org\/{rel}","templated":true}]}}