{"id":8484,"date":"2024-02-04T15:54:38","date_gmt":"2024-02-04T14:54:38","guid":{"rendered":"https:\/\/www.lacgtmontreuil.fr\/?p=8484"},"modified":"2024-02-04T15:54:39","modified_gmt":"2024-02-04T14:54:39","slug":"je-tu-ul-n-458-50-ecoles-en-greve","status":"publish","type":"post","link":"https:\/\/www.lacgtmontreuil.fr\/?p=8484","title":{"rendered":"Je, Tu, UL n\u00b0 458 &#8211; 50 \u00c9COLES EN GR\u00c8VE"},"content":{"rendered":"24, rue de Paris \u2013 L\u2019EDUCATION NATIONALE \u00e9tait en AG le 1er f\u00e9vrier \u00e0 la Bourse du Travail, \u00e0 l\u2019appel des syndicats d\u2019enseignants, dont la CGT EDUC\u2019ACTION. La gr\u00e8ve pour les salaires (la France tenant le record des bas salaires en Europe), des recrutements massifs de personnels (9 fermetures de classe annonc\u00e9es sur Montreuil pour 2024) et l\u2019abandon des projets toxiques (\u00ab choc des savoirs \u00bb, r\u00e9forme des lyc\u00e9es professionnels) a concern\u00e9 50 \u00e9coles, coll\u00e8ges et lyc\u00e9es sur la ville. Avec clause de revoyure pour le 6 f\u00e9vrier \u2026","protected":false},"excerpt":{"rendered":"<p>24, rue de Paris \u2013 L\u2019EDUCATION NATIONALE \u00e9tait en AG le 1er f\u00e9vrier \u00e0 la Bourse du Travail, \u00e0 l\u2019appel des syndicats d\u2019enseignants, dont la CGT EDUC\u2019ACTION. La gr\u00e8ve pour les salaires (la France tenant le record des bas salaires en Europe), des recrutements massifs de personnels (9 fermetures de classe annonc\u00e9es sur Montreuil pour &hellip; <\/p>\n","protected":false},"author":19,"featured_media":0,"comment_status":"closed","ping_status":"open","sticky":false,"template":"","format":"standard","meta":{"footnotes":""},"categories":[2],"tags":[],"class_list":{"0":"entry","1":"post","2":"publish","3":"author-sebastien","4":"post-8484","6":"format-standard","7":"category-je-tu-ul"},"_links":{"self":[{"href":"https:\/\/www.lacgtmontreuil.fr\/index.php?rest_route=\/wp\/v2\/posts\/8484","targetHints":{"allow":["GET"]}}],"collection":[{"href":"https:\/\/www.lacgtmontreuil.fr\/index.php?rest_route=\/wp\/v2\/posts"}],"about":[{"href":"https:\/\/www.lacgtmontreuil.fr\/index.php?rest_route=\/wp\/v2\/types\/post"}],"author":[{"embeddable":true,"href":"https:\/\/www.lacgtmontreuil.fr\/index.php?rest_route=\/wp\/v2\/users\/19"}],"replies":[{"embeddable":true,"href":"https:\/\/www.lacgtmontreuil.fr\/index.php?rest_route=%2Fwp%2Fv2%2Fcomments&post=8484"}],"version-history":[{"count":2,"href":"https:\/\/www.lacgtmontreuil.fr\/index.php?rest_route=\/wp\/v2\/posts\/8484\/revisions"}],"predecessor-version":[{"id":8493,"href":"https:\/\/www.lacgtmontreuil.fr\/index.php?rest_route=\/wp\/v2\/posts\/8484\/revisions\/8493"}],"wp:attachment":[{"href":"https:\/\/www.lacgtmontreuil.fr\/index.php?rest_route=%2Fwp%2Fv2%2Fmedia&parent=8484"}],"wp:term":[{"taxonomy":"category","embeddable":true,"href":"https:\/\/www.lacgtmontreuil.fr\/index.php?rest_route=%2Fwp%2Fv2%2Fcategories&post=8484"},{"taxonomy":"post_tag","embeddable":true,"href":"https:\/\/www.lacgtmontreuil.fr\/index.php?rest_route=%2Fwp%2Fv2%2Ftags&post=8484"}],"curies":[{"name":"wp","href":"https:\/\/api.w.org\/{rel}","templated":true}]}}