{"id":8478,"date":"2024-01-20T16:30:36","date_gmt":"2024-01-20T15:30:36","guid":{"rendered":"https:\/\/www.lacgtmontreuil.fr\/?p=8478"},"modified":"2024-01-20T16:30:36","modified_gmt":"2024-01-20T15:30:36","slug":"je-tu-ul-n457-ibis-sans-limite","status":"publish","type":"post","link":"https:\/\/www.lacgtmontreuil.fr\/?p=8478","title":{"rendered":"Je, Tu, UL n\u00b0457 &#8211; \u00a0IBIS SANS LIMITE"},"content":{"rendered":"\n<p>15, rue Franklin \u2013 L\u2019H\u00d4TEL IBIS FRANKLIN pr\u00e9tend innover en droit \u00e9lectoral, en opposant au 1er tour du vote pour le CSE un candidat labellis\u00e9 par un syndicat d\u2019enseignants\u2026 \u00e0 la liste CGT, puis en retirant d\u2019office toute candidature au 2nd tour, avant d\u2019annoncer une carence de candidat-e-s. La CGT vient donc de saisir le Tribunal Judiciaire pour suspendre le vol de l\u2019Ibis et faire condamner ses r\u00eaves de toute puissance.\u00a0<\/p>\n","protected":false},"excerpt":{"rendered":"<p>15, rue Franklin \u2013 L\u2019H\u00d4TEL IBIS FRANKLIN pr\u00e9tend innover en droit \u00e9lectoral, en opposant au 1er tour du vote pour le CSE un candidat labellis\u00e9 par un syndicat d\u2019enseignants\u2026 \u00e0 la liste CGT, puis en retirant d\u2019office toute candidature au 2nd tour, avant d\u2019annoncer une carence de candidat-e-s. La CGT vient donc de saisir le &hellip; <\/p>\n","protected":false},"author":19,"featured_media":0,"comment_status":"closed","ping_status":"open","sticky":false,"template":"","format":"standard","meta":{"footnotes":""},"categories":[2],"tags":[],"class_list":{"0":"entry","1":"post","2":"publish","3":"author-sebastien","4":"post-8478","6":"format-standard","7":"category-je-tu-ul"},"_links":{"self":[{"href":"https:\/\/www.lacgtmontreuil.fr\/index.php?rest_route=\/wp\/v2\/posts\/8478","targetHints":{"allow":["GET"]}}],"collection":[{"href":"https:\/\/www.lacgtmontreuil.fr\/index.php?rest_route=\/wp\/v2\/posts"}],"about":[{"href":"https:\/\/www.lacgtmontreuil.fr\/index.php?rest_route=\/wp\/v2\/types\/post"}],"author":[{"embeddable":true,"href":"https:\/\/www.lacgtmontreuil.fr\/index.php?rest_route=\/wp\/v2\/users\/19"}],"replies":[{"embeddable":true,"href":"https:\/\/www.lacgtmontreuil.fr\/index.php?rest_route=%2Fwp%2Fv2%2Fcomments&post=8478"}],"version-history":[{"count":1,"href":"https:\/\/www.lacgtmontreuil.fr\/index.php?rest_route=\/wp\/v2\/posts\/8478\/revisions"}],"predecessor-version":[{"id":8481,"href":"https:\/\/www.lacgtmontreuil.fr\/index.php?rest_route=\/wp\/v2\/posts\/8478\/revisions\/8481"}],"wp:attachment":[{"href":"https:\/\/www.lacgtmontreuil.fr\/index.php?rest_route=%2Fwp%2Fv2%2Fmedia&parent=8478"}],"wp:term":[{"taxonomy":"category","embeddable":true,"href":"https:\/\/www.lacgtmontreuil.fr\/index.php?rest_route=%2Fwp%2Fv2%2Fcategories&post=8478"},{"taxonomy":"post_tag","embeddable":true,"href":"https:\/\/www.lacgtmontreuil.fr\/index.php?rest_route=%2Fwp%2Fv2%2Ftags&post=8478"}],"curies":[{"name":"wp","href":"https:\/\/api.w.org\/{rel}","templated":true}]}}