{"id":847,"date":"2018-02-18T17:40:16","date_gmt":"2018-02-18T16:40:16","guid":{"rendered":"http:\/\/www.lacgtmontreuil.fr\/?p=847"},"modified":"2018-02-18T17:40:16","modified_gmt":"2018-02-18T16:40:16","slug":"je-tu-ul-aout-2013-n-137","status":"publish","type":"post","link":"https:\/\/www.lacgtmontreuil.fr\/?p=847","title":{"rendered":"Je, Tu, UL\u2026  Ao\u00fbt 2013  N\u00b0 137"},"content":{"rendered":"<p><strong> Les br\u00e8ves de l\u2019UL CGT de Montreuil, 24, rue de Paris<\/strong><\/p>\n<p><img loading=\"lazy\" decoding=\"async\" width=\"109\" height=\"155\" class=\"wp-image-848\" src=\"https:\/\/www.lacgtmontreuil.fr\/wp-content\/uploads\/2018\/02\/logo_cgt-98.jpeg\" alt=\"logo_cgt\" \/>\u00a0\u00a0 <strong>Je, Tu, UL\u2026\u00a0 Ao\u00fbt 2013\u00a0 N\u00b0 137<\/strong><\/p>\n<p><em>\u00ab\u00a0L\u2019UMP ruin\u00e9e\u00a0: casse-toi, con d\u2019pauvre\u00a0!\u00a0\u00bb <\/em><\/p>\n<p><strong>LA SANT\u00c9, C\u2019EST NET :<\/strong> 66, rue Marceau \u2013 Chez SANTE-SERVICE, les 800 salari\u00e9s vont percevoir un rappel de 200 euros nets sur les NAO de 2012 et un euro de plus par ticket-restaurant. Pour en arriver l\u00e0, il aura fallu que la CGT menace d\u2019un d\u00e9brayage pendant les certifications et rassemble une intersyndicale avec une partie de FO, la CFDT et la CGC. La direction se disait pr\u00eate \u00e0 \u00ab\u00a0l\u00e2cher\u00a0\u00bb pour 200, puis 250 euros bruts\u00a0: c\u2019est le net (soit 260 euros bruts) qui a pr\u00e9valu\u2026 avec clause de revoyure 2013 pour un nouvel effort \u00e9quivalent en d\u00e9cembre\u00a0!<\/p>\n<p><strong>DIALOGUE DE CHIFFONNIERS\u00a0: <\/strong>5, rue du Marais \u2013 DAVID et A PART \u00c7A ne dig\u00e8rent toujours pas l\u2019implantation de la CGT dans ce groupe de confection. Vendredi 26 juillet, la r\u00e9union des d\u00e9l\u00e9gu\u00e9s du personnel \u00e9tait convoqu\u00e9e \u00e0 11h, celle pour la n\u00e9gociation annuelle \u00e0 11h30. Face \u00e0 l\u2019hyst\u00e9rie de la direction, les r\u00e9unions se sont conclues par une main courante au commissariat, d\u00e9pos\u00e9e par notre camarade Christine DA CUNHA, qui d\u00e9nonce par ailleurs l\u2019insalubrit\u00e9 des locaux sans ventilation ni point d\u2019eau, la prolif\u00e9ration des rongeurs et l\u2019\u00e9tat des WC o\u00f9 le patron remplace le papier hygi\u00e9nique par des chutes de tissus\u2026<\/p>\n<p><strong>L\u2019EX-SPAR NE FAIT PAS VIVRE\u00a0:<\/strong> 53, boulevard Paul Vaillant-Couturier \u2013 La sup\u00e9rette \u00ab\u00a0SPAR\u00a0\u00bb, franchise du groupe CASINO, avait vir\u00e9 son personnel sans m\u00e9nagement, avant de fermer d\u00e9finitivement en d\u00e9cembre 2011. La quasi-totalit\u00e9 des salari\u00e9s avaient alors saisi le Conseil de Prud\u2019hommes de Bobigny. Restaient 2 derniers dossiers en instance de jugement, pour lesquels le Conseil a tranch\u00e9\u00a0: 15\u00a0000 euros pour Slimane REKKAS dont la qualification n\u2019\u00e9tait pas reconnue et 7500 pour Nabil BENMESMOUDI dont le reclassement n\u2019avait pas \u00e9t\u00e9 recherch\u00e9.<\/p>\n<p><strong>QUAND ON SNEM\u2026 :<\/strong> 34, rue des Messiers \u2013 A la SNEM, PME de m\u00e9tallurgie, l\u2019\u00e9tablissement du tout premier cahier de revendications a convaincu les salari\u00e9s qu\u2019il leur fallait une section CGT et des d\u00e9l\u00e9gu\u00e9s. C\u2019est donc Nasserla TOUENTI qui, pour la CGT, a adress\u00e9 une demande de convocation des \u00e9lections professionnelles afin de mettre un terme \u00e0 une carence qui durait depuis 2 ans.<\/p>\n<p><strong>LA VENGEANCE, PLAT QUI SE MANGE FROID\u00a0?\u00a0:<\/strong> Place Jean Jaur\u00e8s \u2013 Nos camarades Maud et Marie, anciennes gr\u00e9vistes du cin\u00e9ma M\u00e9li\u00e8s, s\u2019\u00e9tonnaient d\u2019avoir \u00e9t\u00e9 suspendues si longtemps, sans avoir re\u00e7u d\u2019autre sanction que leur changement de service au sein de la Mairie. Anomalie corrig\u00e9e \u00ab\u00a0\u00e0 froid\u00a0\u00bb si l\u2019on peut dire avec la m\u00e9t\u00e9o, puisqu\u2019elles viennent de se voir notifier 3 jours de mise \u00e0 pied\u2026 \u00e0 retardement, que la CGT va bien s\u00fbr contester sur le fond.<\/p>\n","protected":false},"excerpt":{"rendered":"<p>Les br\u00e8ves de l\u2019UL CGT de Montreuil, 24, rue de Paris \u00a0\u00a0 Je, Tu, UL\u2026\u00a0 Ao\u00fbt 2013\u00a0 N\u00b0 137 \u00ab\u00a0L\u2019UMP ruin\u00e9e\u00a0: casse-toi, con d\u2019pauvre\u00a0!\u00a0\u00bb LA SANT\u00c9, C\u2019EST NET : 66, rue Marceau \u2013 Chez SANTE-SERVICE, les 800 salari\u00e9s vont percevoir un rappel de 200 euros nets sur les NAO de 2012 et un euro de &hellip; <\/p>\n","protected":false},"author":1,"featured_media":0,"comment_status":"closed","ping_status":"open","sticky":false,"template":"","format":"standard","meta":{"footnotes":""},"categories":[2],"tags":[],"class_list":{"0":"entry","1":"post","2":"publish","3":"author-ulmontreuil","4":"post-847","6":"format-standard","7":"category-je-tu-ul"},"_links":{"self":[{"href":"https:\/\/www.lacgtmontreuil.fr\/index.php?rest_route=\/wp\/v2\/posts\/847","targetHints":{"allow":["GET"]}}],"collection":[{"href":"https:\/\/www.lacgtmontreuil.fr\/index.php?rest_route=\/wp\/v2\/posts"}],"about":[{"href":"https:\/\/www.lacgtmontreuil.fr\/index.php?rest_route=\/wp\/v2\/types\/post"}],"author":[{"embeddable":true,"href":"https:\/\/www.lacgtmontreuil.fr\/index.php?rest_route=\/wp\/v2\/users\/1"}],"replies":[{"embeddable":true,"href":"https:\/\/www.lacgtmontreuil.fr\/index.php?rest_route=%2Fwp%2Fv2%2Fcomments&post=847"}],"version-history":[{"count":1,"href":"https:\/\/www.lacgtmontreuil.fr\/index.php?rest_route=\/wp\/v2\/posts\/847\/revisions"}],"predecessor-version":[{"id":849,"href":"https:\/\/www.lacgtmontreuil.fr\/index.php?rest_route=\/wp\/v2\/posts\/847\/revisions\/849"}],"wp:attachment":[{"href":"https:\/\/www.lacgtmontreuil.fr\/index.php?rest_route=%2Fwp%2Fv2%2Fmedia&parent=847"}],"wp:term":[{"taxonomy":"category","embeddable":true,"href":"https:\/\/www.lacgtmontreuil.fr\/index.php?rest_route=%2Fwp%2Fv2%2Fcategories&post=847"},{"taxonomy":"post_tag","embeddable":true,"href":"https:\/\/www.lacgtmontreuil.fr\/index.php?rest_route=%2Fwp%2Fv2%2Ftags&post=847"}],"curies":[{"name":"wp","href":"https:\/\/api.w.org\/{rel}","templated":true}]}}