{"id":8466,"date":"2024-01-20T16:29:34","date_gmt":"2024-01-20T15:29:34","guid":{"rendered":"https:\/\/www.lacgtmontreuil.fr\/?p=8466"},"modified":"2024-01-20T16:29:34","modified_gmt":"2024-01-20T15:29:34","slug":"je-tu-ul-n457-vers-le-plein-emploi-precaire-et-impose","status":"publish","type":"post","link":"https:\/\/www.lacgtmontreuil.fr\/?p=8466","title":{"rendered":"Je, Tu, UL n\u00b0457 &#8211; \u00a0VERS LE \u00ab PLEIN EMPLOI \u00bb PR\u00c9CAIRE ET IMPOS\u00c9\u00a0"},"content":{"rendered":"\n<p>70, rue de Lagny \u2013 Chez FRANCE TRAVAIL, nouvelle mouture de feu POLE-EMPLOI, la CGT d\u00e9nonce la feuille de route annonc\u00e9e et l\u2019insuffisance des consultations obligatoires du CSE. Ainsi, alors que le Conseil Constitutionnel a censur\u00e9 le 14 d\u00e9cembre dernier le partage des donn\u00e9es personnelles, y compris de nature m\u00e9dicale, avec la cr\u00e9ation d\u2019un fichier unique des demandeurs d\u2019emploi, aucune information concr\u00e8te n\u2019est port\u00e9e \u00e0 la connaissance des repr\u00e9sentants du personnel sur la mise en oeuvre du projet.\u00a0<\/p>\n","protected":false},"excerpt":{"rendered":"<p>70, rue de Lagny \u2013 Chez FRANCE TRAVAIL, nouvelle mouture de feu POLE-EMPLOI, la CGT d\u00e9nonce la feuille de route annonc\u00e9e et l\u2019insuffisance des consultations obligatoires du CSE. Ainsi, alors que le Conseil Constitutionnel a censur\u00e9 le 14 d\u00e9cembre dernier le partage des donn\u00e9es personnelles, y compris de nature m\u00e9dicale, avec la cr\u00e9ation d\u2019un fichier &hellip; <\/p>\n","protected":false},"author":19,"featured_media":0,"comment_status":"closed","ping_status":"open","sticky":false,"template":"","format":"standard","meta":{"footnotes":""},"categories":[2],"tags":[],"class_list":{"0":"entry","1":"post","2":"publish","3":"author-sebastien","4":"post-8466","6":"format-standard","7":"category-je-tu-ul"},"_links":{"self":[{"href":"https:\/\/www.lacgtmontreuil.fr\/index.php?rest_route=\/wp\/v2\/posts\/8466","targetHints":{"allow":["GET"]}}],"collection":[{"href":"https:\/\/www.lacgtmontreuil.fr\/index.php?rest_route=\/wp\/v2\/posts"}],"about":[{"href":"https:\/\/www.lacgtmontreuil.fr\/index.php?rest_route=\/wp\/v2\/types\/post"}],"author":[{"embeddable":true,"href":"https:\/\/www.lacgtmontreuil.fr\/index.php?rest_route=\/wp\/v2\/users\/19"}],"replies":[{"embeddable":true,"href":"https:\/\/www.lacgtmontreuil.fr\/index.php?rest_route=%2Fwp%2Fv2%2Fcomments&post=8466"}],"version-history":[{"count":1,"href":"https:\/\/www.lacgtmontreuil.fr\/index.php?rest_route=\/wp\/v2\/posts\/8466\/revisions"}],"predecessor-version":[{"id":8469,"href":"https:\/\/www.lacgtmontreuil.fr\/index.php?rest_route=\/wp\/v2\/posts\/8466\/revisions\/8469"}],"wp:attachment":[{"href":"https:\/\/www.lacgtmontreuil.fr\/index.php?rest_route=%2Fwp%2Fv2%2Fmedia&parent=8466"}],"wp:term":[{"taxonomy":"category","embeddable":true,"href":"https:\/\/www.lacgtmontreuil.fr\/index.php?rest_route=%2Fwp%2Fv2%2Fcategories&post=8466"},{"taxonomy":"post_tag","embeddable":true,"href":"https:\/\/www.lacgtmontreuil.fr\/index.php?rest_route=%2Fwp%2Fv2%2Ftags&post=8466"}],"curies":[{"name":"wp","href":"https:\/\/api.w.org\/{rel}","templated":true}]}}