{"id":8454,"date":"2024-01-20T16:28:30","date_gmt":"2024-01-20T15:28:30","guid":{"rendered":"https:\/\/www.lacgtmontreuil.fr\/?p=8454"},"modified":"2024-01-20T16:28:30","modified_gmt":"2024-01-20T15:28:30","slug":"je-tu-ul-n457-en-ordre-de-bataille-pour-2024","status":"publish","type":"post","link":"https:\/\/www.lacgtmontreuil.fr\/?p=8454","title":{"rendered":"Je, Tu, UL n\u00b0457 &#8211; \u00a0EN ORDRE DE BATAILLE POUR 2024\u00a0"},"content":{"rendered":"\n<p>24, rue de Paris \u2013 L\u2019UL CGT de Montreuil invitait pour ses voeux le 10 janvier au soir. Une centaine de militant-e-s et ami-e-s ont r\u00e9pondu pr\u00e9sents, pour trinquer \u00e0 une nouvelle ann\u00e9e de luttes et de succ\u00e8s. Avec en ligne de mire la mobilisation du 21 janvier contre la loi \u00ab immigration \u00bb &#8211; la 40\u00e8me en 20 ans \u2013 et l\u2019exigence du retour \u00e0 la paix dans les zones de conflit.\u00a0<\/p>\n","protected":false},"excerpt":{"rendered":"<p>24, rue de Paris \u2013 L\u2019UL CGT de Montreuil invitait pour ses voeux le 10 janvier au soir. Une centaine de militant-e-s et ami-e-s ont r\u00e9pondu pr\u00e9sents, pour trinquer \u00e0 une nouvelle ann\u00e9e de luttes et de succ\u00e8s. Avec en ligne de mire la mobilisation du 21 janvier contre la loi \u00ab immigration \u00bb &#8211; &hellip; <\/p>\n","protected":false},"author":19,"featured_media":0,"comment_status":"closed","ping_status":"open","sticky":false,"template":"","format":"standard","meta":{"footnotes":""},"categories":[2],"tags":[],"class_list":{"0":"entry","1":"post","2":"publish","3":"author-sebastien","4":"post-8454","6":"format-standard","7":"category-je-tu-ul"},"_links":{"self":[{"href":"https:\/\/www.lacgtmontreuil.fr\/index.php?rest_route=\/wp\/v2\/posts\/8454","targetHints":{"allow":["GET"]}}],"collection":[{"href":"https:\/\/www.lacgtmontreuil.fr\/index.php?rest_route=\/wp\/v2\/posts"}],"about":[{"href":"https:\/\/www.lacgtmontreuil.fr\/index.php?rest_route=\/wp\/v2\/types\/post"}],"author":[{"embeddable":true,"href":"https:\/\/www.lacgtmontreuil.fr\/index.php?rest_route=\/wp\/v2\/users\/19"}],"replies":[{"embeddable":true,"href":"https:\/\/www.lacgtmontreuil.fr\/index.php?rest_route=%2Fwp%2Fv2%2Fcomments&post=8454"}],"version-history":[{"count":1,"href":"https:\/\/www.lacgtmontreuil.fr\/index.php?rest_route=\/wp\/v2\/posts\/8454\/revisions"}],"predecessor-version":[{"id":8457,"href":"https:\/\/www.lacgtmontreuil.fr\/index.php?rest_route=\/wp\/v2\/posts\/8454\/revisions\/8457"}],"wp:attachment":[{"href":"https:\/\/www.lacgtmontreuil.fr\/index.php?rest_route=%2Fwp%2Fv2%2Fmedia&parent=8454"}],"wp:term":[{"taxonomy":"category","embeddable":true,"href":"https:\/\/www.lacgtmontreuil.fr\/index.php?rest_route=%2Fwp%2Fv2%2Fcategories&post=8454"},{"taxonomy":"post_tag","embeddable":true,"href":"https:\/\/www.lacgtmontreuil.fr\/index.php?rest_route=%2Fwp%2Fv2%2Ftags&post=8454"}],"curies":[{"name":"wp","href":"https:\/\/api.w.org\/{rel}","templated":true}]}}