{"id":8443,"date":"2024-01-06T17:53:27","date_gmt":"2024-01-06T16:53:27","guid":{"rendered":"https:\/\/www.lacgtmontreuil.fr\/?p=8443"},"modified":"2024-01-06T17:53:28","modified_gmt":"2024-01-06T16:53:28","slug":"je-tu-ul-n456-viree-pour-avoir-demande-des-elections","status":"publish","type":"post","link":"https:\/\/www.lacgtmontreuil.fr\/?p=8443","title":{"rendered":"Je, Tu, UL n\u00b0456 &#8211; VIR\u00c9E POUR AVOIR DEMAND\u00c9 DES \u00c9LECTIONS"},"content":{"rendered":"\n<p>42, boulevard Chanzy \u2013 A la VILLA SULLY, r\u00e9sidence senior filiale du groupe financier GPD Vend\u00f4me, notre camarade Chlo\u00e9 VICTORIN avait demand\u00e9 la tenue d\u2019\u00e9lections CSE le 7 d\u00e9cembre dernier. Aussit\u00f4t convoqu\u00e9e, elle est licenci\u00e9e la veille de No\u00ebl, sans autorisation de l\u2019Inspection du Travail. Dans l\u2019attente de sa r\u00e9int\u00e9gration, 2 autres coll\u00e8gues ont d\u00e9clar\u00e9 leurs candidatures pour la CGT en vue de la mise en place du 1er CSE de l\u2019entreprise.\u00a0<\/p>\n","protected":false},"excerpt":{"rendered":"<p>42, boulevard Chanzy \u2013 A la VILLA SULLY, r\u00e9sidence senior filiale du groupe financier GPD Vend\u00f4me, notre camarade Chlo\u00e9 VICTORIN avait demand\u00e9 la tenue d\u2019\u00e9lections CSE le 7 d\u00e9cembre dernier. Aussit\u00f4t convoqu\u00e9e, elle est licenci\u00e9e la veille de No\u00ebl, sans autorisation de l\u2019Inspection du Travail. Dans l\u2019attente de sa r\u00e9int\u00e9gration, 2 autres coll\u00e8gues ont d\u00e9clar\u00e9 &hellip; <\/p>\n","protected":false},"author":19,"featured_media":0,"comment_status":"closed","ping_status":"open","sticky":false,"template":"","format":"standard","meta":{"footnotes":""},"categories":[2],"tags":[],"class_list":{"0":"entry","1":"post","2":"publish","3":"author-sebastien","4":"post-8443","6":"format-standard","7":"category-je-tu-ul"},"_links":{"self":[{"href":"https:\/\/www.lacgtmontreuil.fr\/index.php?rest_route=\/wp\/v2\/posts\/8443","targetHints":{"allow":["GET"]}}],"collection":[{"href":"https:\/\/www.lacgtmontreuil.fr\/index.php?rest_route=\/wp\/v2\/posts"}],"about":[{"href":"https:\/\/www.lacgtmontreuil.fr\/index.php?rest_route=\/wp\/v2\/types\/post"}],"author":[{"embeddable":true,"href":"https:\/\/www.lacgtmontreuil.fr\/index.php?rest_route=\/wp\/v2\/users\/19"}],"replies":[{"embeddable":true,"href":"https:\/\/www.lacgtmontreuil.fr\/index.php?rest_route=%2Fwp%2Fv2%2Fcomments&post=8443"}],"version-history":[{"count":1,"href":"https:\/\/www.lacgtmontreuil.fr\/index.php?rest_route=\/wp\/v2\/posts\/8443\/revisions"}],"predecessor-version":[{"id":8446,"href":"https:\/\/www.lacgtmontreuil.fr\/index.php?rest_route=\/wp\/v2\/posts\/8443\/revisions\/8446"}],"wp:attachment":[{"href":"https:\/\/www.lacgtmontreuil.fr\/index.php?rest_route=%2Fwp%2Fv2%2Fmedia&parent=8443"}],"wp:term":[{"taxonomy":"category","embeddable":true,"href":"https:\/\/www.lacgtmontreuil.fr\/index.php?rest_route=%2Fwp%2Fv2%2Fcategories&post=8443"},{"taxonomy":"post_tag","embeddable":true,"href":"https:\/\/www.lacgtmontreuil.fr\/index.php?rest_route=%2Fwp%2Fv2%2Ftags&post=8443"}],"curies":[{"name":"wp","href":"https:\/\/api.w.org\/{rel}","templated":true}]}}