{"id":844,"date":"2018-02-18T17:38:31","date_gmt":"2018-02-18T16:38:31","guid":{"rendered":"http:\/\/www.lacgtmontreuil.fr\/?p=844"},"modified":"2018-02-18T17:38:31","modified_gmt":"2018-02-18T16:38:31","slug":"je-tu-ul-fin-juillet-2013-n-136","status":"publish","type":"post","link":"https:\/\/www.lacgtmontreuil.fr\/?p=844","title":{"rendered":"Je, Tu, UL\u2026  Fin Juillet 2013  N\u00b0 136"},"content":{"rendered":"<p><strong> Les br\u00e8ves de l\u2019UL CGT de Montreuil, 24, rue de Paris<\/strong><\/p>\n<p><img loading=\"lazy\" decoding=\"async\" width=\"109\" height=\"155\" class=\"wp-image-845\" src=\"https:\/\/www.lacgtmontreuil.fr\/wp-content\/uploads\/2018\/02\/logo_cgt-97.jpeg\" alt=\"logo_cgt\" \/>\u00a0\u00a0 <strong>Je, Tu, UL\u2026\u00a0 Fin Juillet 2013\u00a0 N\u00b0 136<\/strong><\/p>\n<p><em>\u00ab\u00a03,26 millions de ch\u00f4meurs\u00a0: le site le plus populaire de France, celui de P\u00f4le-Emploi\u00a0\u00bb <\/em><\/p>\n<p><strong>JEAN-PIERRE TIENT-BON :<\/strong> 60, rue de la R\u00e9publique \u2013 Le Centre JEAN-PIERRE TIMBAUD mena\u00e7ait cet \u00e9t\u00e9 de mettre la cl\u00e9 sous la porte, suite \u00e0 l\u2019\u00e9tranglement financier de la maternit\u00e9 des Bluets et de l\u2019association gestionnaire, Ambroise Croizat. La mobilisation \u00e0 r\u00e9p\u00e9tition a pay\u00e9\u00a0: le Conseil de Paris vient de voter une subvention exceptionnelle de 500\u00a0000 euros qui permet aujourd\u2019hui d\u2019\u00e9loigner le risque d\u2019une cessation de paiement et de rassurer stagiaires comme personnel du centre de r\u00e9\u00e9ducation professionnelle.<\/p>\n<p><strong>MONOP\u2019 D\u00c9RAPE\u00a0:<\/strong> 19, avenue de La R\u00e9sistance \u2013 MONOPRIX EXPLOITATION (c\u2019est le nom l\u00e9gal du magasin\u00a0!) avait licenci\u00e9 St\u00e9phanie pour \u00ab\u00a0inaptitude\u00a0\u00bb suite \u00e0 une agression dont elle avait \u00e9t\u00e9 victime. Pour justifier ses recherches de reclassement, Monoprix n\u2019avait produit qu\u2019un courriel circulaire interne au groupe. D\u00e9fendue par la CGT, St\u00e9phanie obtient 7392 euros d\u2019indemnit\u00e9 pour absence de recherche s\u00e9rieuse d\u2019un reclassement et Monoprix devra rembourser \u00e0 P\u00f4le-Emploi ses 6 mois d\u2019allocation-ch\u00f4mage.<\/p>\n<p><strong>SALAIRES EN TRANCHES\u00a0:<\/strong> 235, rue de Marcel \u2013 Les 7 salari\u00e9s de la sandwicherie SUBWAY de la Porte de Montreuil, lass\u00e9s d\u2019\u00eatre pay\u00e9s en retard, avec des bulletins de paie incomplets et des contrats douteux, ont contact\u00e9 le 16 juillet par t\u00e9l\u00e9phone leur patron\u2026 qui s\u2019obstine \u00e0 domicilier l\u2019entreprise \u00e0 une adresse fantaisiste, absente de ses statuts. Suite aux insultes et menaces dont ils ont \u00e9t\u00e9 abreuv\u00e9s en guise de r\u00e9ponse, les salari\u00e9s ont d\u00e9cid\u00e9 de se r\u00e9unir \u00e0 la CGT pour envisager une riposte collective.<\/p>\n<p><strong>DU PAIN\u2026 ET DES ROSES\u00a0! :<\/strong> 263, rue de Paris \u2013 Le syndicat CGT du personnel de la CGT s\u2019\u00e9tonne d\u2019avoir \u00e9t\u00e9 \u00e9cart\u00e9 des d\u00e9cisions de l\u2019AFUL, structure qui g\u00e8re le complexe syndical du 263 rue de Paris. Au nom des \u00e9lus du personnel, notre camarade Alessandro VITAGLIANO s\u2019est donc adress\u00e9 \u00e0 chaque direction pour r\u00e9clamer 4 si\u00e8ges au Conseil de l\u2019AFUL pour les repr\u00e9sentants salari\u00e9s qui jusqu\u2019ici n\u2019\u00e9taient sollicit\u00e9s\u2026 que pour donner leur avis sur les menus du restaurant\u00a0!<\/p>\n<p><strong>SOUND, SOURD \u00c1 L\u2019ARITHM\u00c9TIQUE\u00a0:<\/strong> 111, boulevard de La Boissi\u00e8re \u2013 SOUND ELECTRONIC\u2019S semble brouill\u00e9 avec les chiffres. Un K-bis (carte d\u2019identit\u00e9 de l\u2019entreprise) domicili\u00e9 au 133 au lieu du 111 et des contrats de travail et bulletins de paie de 169 heures pour 173 heures effectives. Le diff\u00e9rentiel des 4 heures non-pay\u00e9es ne suffisant plus, le g\u00e9rant entend cette fois allonger les journ\u00e9es en imposant une prise de service chez le client\u2026 situ\u00e9 \u00e0 une heure de transport du si\u00e8ge et lieu habituel de travail.<\/p>\n","protected":false},"excerpt":{"rendered":"<p>Les br\u00e8ves de l\u2019UL CGT de Montreuil, 24, rue de Paris \u00a0\u00a0 Je, Tu, UL\u2026\u00a0 Fin Juillet 2013\u00a0 N\u00b0 136 \u00ab\u00a03,26 millions de ch\u00f4meurs\u00a0: le site le plus populaire de France, celui de P\u00f4le-Emploi\u00a0\u00bb JEAN-PIERRE TIENT-BON : 60, rue de la R\u00e9publique \u2013 Le Centre JEAN-PIERRE TIMBAUD mena\u00e7ait cet \u00e9t\u00e9 de mettre la cl\u00e9 sous &hellip; <\/p>\n","protected":false},"author":1,"featured_media":0,"comment_status":"closed","ping_status":"open","sticky":false,"template":"","format":"standard","meta":{"footnotes":""},"categories":[2],"tags":[],"class_list":{"0":"entry","1":"post","2":"publish","3":"author-ulmontreuil","4":"post-844","6":"format-standard","7":"category-je-tu-ul"},"_links":{"self":[{"href":"https:\/\/www.lacgtmontreuil.fr\/index.php?rest_route=\/wp\/v2\/posts\/844","targetHints":{"allow":["GET"]}}],"collection":[{"href":"https:\/\/www.lacgtmontreuil.fr\/index.php?rest_route=\/wp\/v2\/posts"}],"about":[{"href":"https:\/\/www.lacgtmontreuil.fr\/index.php?rest_route=\/wp\/v2\/types\/post"}],"author":[{"embeddable":true,"href":"https:\/\/www.lacgtmontreuil.fr\/index.php?rest_route=\/wp\/v2\/users\/1"}],"replies":[{"embeddable":true,"href":"https:\/\/www.lacgtmontreuil.fr\/index.php?rest_route=%2Fwp%2Fv2%2Fcomments&post=844"}],"version-history":[{"count":1,"href":"https:\/\/www.lacgtmontreuil.fr\/index.php?rest_route=\/wp\/v2\/posts\/844\/revisions"}],"predecessor-version":[{"id":846,"href":"https:\/\/www.lacgtmontreuil.fr\/index.php?rest_route=\/wp\/v2\/posts\/844\/revisions\/846"}],"wp:attachment":[{"href":"https:\/\/www.lacgtmontreuil.fr\/index.php?rest_route=%2Fwp%2Fv2%2Fmedia&parent=844"}],"wp:term":[{"taxonomy":"category","embeddable":true,"href":"https:\/\/www.lacgtmontreuil.fr\/index.php?rest_route=%2Fwp%2Fv2%2Fcategories&post=844"},{"taxonomy":"post_tag","embeddable":true,"href":"https:\/\/www.lacgtmontreuil.fr\/index.php?rest_route=%2Fwp%2Fv2%2Ftags&post=844"}],"curies":[{"name":"wp","href":"https:\/\/api.w.org\/{rel}","templated":true}]}}