{"id":8437,"date":"2024-01-06T17:52:41","date_gmt":"2024-01-06T16:52:41","guid":{"rendered":"https:\/\/www.lacgtmontreuil.fr\/?p=8437"},"modified":"2024-01-06T17:52:42","modified_gmt":"2024-01-06T16:52:42","slug":"je-tu-ul-n-456-contre-le-racket-des-retraite-e-s","status":"publish","type":"post","link":"https:\/\/www.lacgtmontreuil.fr\/?p=8437","title":{"rendered":"Je, Tu, UL n\u00b0 456 &#8211;\u00a0CONTRE LE RACKET DES RETRAIT\u00c9-E-S"},"content":{"rendered":"\n<p>11, rue des Deux Communes \u2013 Aux DOUANES, la CGT lance une p\u00e9tition contre l\u2019augmentation pr\u00e9vue de 175% de la cotisation pour la protection sociale compl\u00e9mentaire des retrait\u00e9-e-s. Rappelant que, statutairement, les agents douaniers retrait\u00e9s restent agents de l\u2019Etat et \u00e0 ce titre r\u00e9quisitionnables par les pr\u00e9fets, ils exigent la participation de 50% de leur employeur pour le financement de leur compl\u00e9mentaire sant\u00e9.\u00a0<\/p>\n","protected":false},"excerpt":{"rendered":"<p>11, rue des Deux Communes \u2013 Aux DOUANES, la CGT lance une p\u00e9tition contre l\u2019augmentation pr\u00e9vue de 175% de la cotisation pour la protection sociale compl\u00e9mentaire des retrait\u00e9-e-s. Rappelant que, statutairement, les agents douaniers retrait\u00e9s restent agents de l\u2019Etat et \u00e0 ce titre r\u00e9quisitionnables par les pr\u00e9fets, ils exigent la participation de 50% de leur &hellip; <\/p>\n","protected":false},"author":19,"featured_media":0,"comment_status":"closed","ping_status":"open","sticky":false,"template":"","format":"standard","meta":{"footnotes":""},"categories":[2],"tags":[],"class_list":{"0":"entry","1":"post","2":"publish","3":"author-sebastien","4":"post-8437","6":"format-standard","7":"category-je-tu-ul"},"_links":{"self":[{"href":"https:\/\/www.lacgtmontreuil.fr\/index.php?rest_route=\/wp\/v2\/posts\/8437","targetHints":{"allow":["GET"]}}],"collection":[{"href":"https:\/\/www.lacgtmontreuil.fr\/index.php?rest_route=\/wp\/v2\/posts"}],"about":[{"href":"https:\/\/www.lacgtmontreuil.fr\/index.php?rest_route=\/wp\/v2\/types\/post"}],"author":[{"embeddable":true,"href":"https:\/\/www.lacgtmontreuil.fr\/index.php?rest_route=\/wp\/v2\/users\/19"}],"replies":[{"embeddable":true,"href":"https:\/\/www.lacgtmontreuil.fr\/index.php?rest_route=%2Fwp%2Fv2%2Fcomments&post=8437"}],"version-history":[{"count":1,"href":"https:\/\/www.lacgtmontreuil.fr\/index.php?rest_route=\/wp\/v2\/posts\/8437\/revisions"}],"predecessor-version":[{"id":8440,"href":"https:\/\/www.lacgtmontreuil.fr\/index.php?rest_route=\/wp\/v2\/posts\/8437\/revisions\/8440"}],"wp:attachment":[{"href":"https:\/\/www.lacgtmontreuil.fr\/index.php?rest_route=%2Fwp%2Fv2%2Fmedia&parent=8437"}],"wp:term":[{"taxonomy":"category","embeddable":true,"href":"https:\/\/www.lacgtmontreuil.fr\/index.php?rest_route=%2Fwp%2Fv2%2Fcategories&post=8437"},{"taxonomy":"post_tag","embeddable":true,"href":"https:\/\/www.lacgtmontreuil.fr\/index.php?rest_route=%2Fwp%2Fv2%2Ftags&post=8437"}],"curies":[{"name":"wp","href":"https:\/\/api.w.org\/{rel}","templated":true}]}}