{"id":8431,"date":"2024-01-06T17:52:05","date_gmt":"2024-01-06T16:52:05","guid":{"rendered":"https:\/\/www.lacgtmontreuil.fr\/?p=8431"},"modified":"2024-01-06T17:52:06","modified_gmt":"2024-01-06T16:52:06","slug":"je-tu-ul-n-456-echec-a-la-discrimination","status":"publish","type":"post","link":"https:\/\/www.lacgtmontreuil.fr\/?p=8431","title":{"rendered":"Je, Tu, UL n\u00b0 456 &#8211; \u00a0\u00c9CHEC \u00c1 LA DISCRIMINATION"},"content":{"rendered":"\n<p>15, rue Franklin \u2013 l\u2019H\u00d4TEL FRANKLIN avait exclu les 2 \u00e9lues CGT de l\u2019\u00e9tablissement du b\u00e9n\u00e9fice de la prime de r\u00e9sultat 2023. Suite \u00e0 l\u2019interpellation par le CSE, leurs primes sont r\u00e9tablies. L\u2019inspection du travail vient en outre de refuser la demande d\u2019autorisation de licenciement pour \u00ab inaptitude \u00bb de notre camarade Hana KHELILI. Loin de c\u00e9der aux pressions, nos 2 camarades ont d\u00e9cid\u00e9 de se repr\u00e9senter aux \u00e9lections professionnelles de ce mois !\u00a0<\/p>\n","protected":false},"excerpt":{"rendered":"<p>15, rue Franklin \u2013 l\u2019H\u00d4TEL FRANKLIN avait exclu les 2 \u00e9lues CGT de l\u2019\u00e9tablissement du b\u00e9n\u00e9fice de la prime de r\u00e9sultat 2023. Suite \u00e0 l\u2019interpellation par le CSE, leurs primes sont r\u00e9tablies. L\u2019inspection du travail vient en outre de refuser la demande d\u2019autorisation de licenciement pour \u00ab inaptitude \u00bb de notre camarade Hana KHELILI. Loin &hellip; <\/p>\n","protected":false},"author":19,"featured_media":0,"comment_status":"closed","ping_status":"open","sticky":false,"template":"","format":"standard","meta":{"footnotes":""},"categories":[2],"tags":[],"class_list":{"0":"entry","1":"post","2":"publish","3":"author-sebastien","4":"post-8431","6":"format-standard","7":"category-je-tu-ul"},"_links":{"self":[{"href":"https:\/\/www.lacgtmontreuil.fr\/index.php?rest_route=\/wp\/v2\/posts\/8431","targetHints":{"allow":["GET"]}}],"collection":[{"href":"https:\/\/www.lacgtmontreuil.fr\/index.php?rest_route=\/wp\/v2\/posts"}],"about":[{"href":"https:\/\/www.lacgtmontreuil.fr\/index.php?rest_route=\/wp\/v2\/types\/post"}],"author":[{"embeddable":true,"href":"https:\/\/www.lacgtmontreuil.fr\/index.php?rest_route=\/wp\/v2\/users\/19"}],"replies":[{"embeddable":true,"href":"https:\/\/www.lacgtmontreuil.fr\/index.php?rest_route=%2Fwp%2Fv2%2Fcomments&post=8431"}],"version-history":[{"count":1,"href":"https:\/\/www.lacgtmontreuil.fr\/index.php?rest_route=\/wp\/v2\/posts\/8431\/revisions"}],"predecessor-version":[{"id":8434,"href":"https:\/\/www.lacgtmontreuil.fr\/index.php?rest_route=\/wp\/v2\/posts\/8431\/revisions\/8434"}],"wp:attachment":[{"href":"https:\/\/www.lacgtmontreuil.fr\/index.php?rest_route=%2Fwp%2Fv2%2Fmedia&parent=8431"}],"wp:term":[{"taxonomy":"category","embeddable":true,"href":"https:\/\/www.lacgtmontreuil.fr\/index.php?rest_route=%2Fwp%2Fv2%2Fcategories&post=8431"},{"taxonomy":"post_tag","embeddable":true,"href":"https:\/\/www.lacgtmontreuil.fr\/index.php?rest_route=%2Fwp%2Fv2%2Ftags&post=8431"}],"curies":[{"name":"wp","href":"https:\/\/api.w.org\/{rel}","templated":true}]}}