{"id":8425,"date":"2024-01-06T17:51:27","date_gmt":"2024-01-06T16:51:27","guid":{"rendered":"https:\/\/www.lacgtmontreuil.fr\/?p=8425"},"modified":"2024-01-06T17:51:28","modified_gmt":"2024-01-06T16:51:28","slug":"je-tu-ul-n456-representativite-reconnue","status":"publish","type":"post","link":"https:\/\/www.lacgtmontreuil.fr\/?p=8425","title":{"rendered":"Je, Tu, UL n\u00b0456 &#8211; \u00a0REPR\u00c9SENTATIVIT\u00c9 RECONNUE"},"content":{"rendered":"\n<p>22, rue de Lagny \u2013 A l\u2019URSSAF, les \u00e9lections pour le CSE confirment l\u2019avantage \u00e0 la CGT qui recueille 432 voix sur 835 (51,7%), devant la CFDT (137 voix), SUD (136) et FO (130). Dans le m\u00eame temps, les termes de la n\u00e9gociation d\u2019entreprise sur le remboursement transport sont pos\u00e9s avec une prise en charge \u00e0 75% par l\u2019employeur du Pass Navigo (avec effet r\u00e9troactif au 01\/09\/2023). La CGT exige en outre une mesure similaire pour les 110 coll\u00e8gues r\u00e9sidant hors d\u2019\u00cele de France.\u00a0<\/p>\n","protected":false},"excerpt":{"rendered":"<p>22, rue de Lagny \u2013 A l\u2019URSSAF, les \u00e9lections pour le CSE confirment l\u2019avantage \u00e0 la CGT qui recueille 432 voix sur 835 (51,7%), devant la CFDT (137 voix), SUD (136) et FO (130). Dans le m\u00eame temps, les termes de la n\u00e9gociation d\u2019entreprise sur le remboursement transport sont pos\u00e9s avec une prise en charge &hellip; <\/p>\n","protected":false},"author":19,"featured_media":0,"comment_status":"closed","ping_status":"open","sticky":false,"template":"","format":"standard","meta":{"footnotes":""},"categories":[2],"tags":[],"class_list":{"0":"entry","1":"post","2":"publish","3":"author-sebastien","4":"post-8425","6":"format-standard","7":"category-je-tu-ul"},"_links":{"self":[{"href":"https:\/\/www.lacgtmontreuil.fr\/index.php?rest_route=\/wp\/v2\/posts\/8425","targetHints":{"allow":["GET"]}}],"collection":[{"href":"https:\/\/www.lacgtmontreuil.fr\/index.php?rest_route=\/wp\/v2\/posts"}],"about":[{"href":"https:\/\/www.lacgtmontreuil.fr\/index.php?rest_route=\/wp\/v2\/types\/post"}],"author":[{"embeddable":true,"href":"https:\/\/www.lacgtmontreuil.fr\/index.php?rest_route=\/wp\/v2\/users\/19"}],"replies":[{"embeddable":true,"href":"https:\/\/www.lacgtmontreuil.fr\/index.php?rest_route=%2Fwp%2Fv2%2Fcomments&post=8425"}],"version-history":[{"count":1,"href":"https:\/\/www.lacgtmontreuil.fr\/index.php?rest_route=\/wp\/v2\/posts\/8425\/revisions"}],"predecessor-version":[{"id":8428,"href":"https:\/\/www.lacgtmontreuil.fr\/index.php?rest_route=\/wp\/v2\/posts\/8425\/revisions\/8428"}],"wp:attachment":[{"href":"https:\/\/www.lacgtmontreuil.fr\/index.php?rest_route=%2Fwp%2Fv2%2Fmedia&parent=8425"}],"wp:term":[{"taxonomy":"category","embeddable":true,"href":"https:\/\/www.lacgtmontreuil.fr\/index.php?rest_route=%2Fwp%2Fv2%2Fcategories&post=8425"},{"taxonomy":"post_tag","embeddable":true,"href":"https:\/\/www.lacgtmontreuil.fr\/index.php?rest_route=%2Fwp%2Fv2%2Ftags&post=8425"}],"curies":[{"name":"wp","href":"https:\/\/api.w.org\/{rel}","templated":true}]}}