{"id":8419,"date":"2024-01-06T17:50:29","date_gmt":"2024-01-06T16:50:29","guid":{"rendered":"https:\/\/www.lacgtmontreuil.fr\/?p=8419"},"modified":"2024-01-06T17:50:30","modified_gmt":"2024-01-06T16:50:30","slug":"je-tu-ul-n456-retour-a-lesclavage","status":"publish","type":"post","link":"https:\/\/www.lacgtmontreuil.fr\/?p=8419","title":{"rendered":"Je, Tu, UL n\u00b0456 &#8211; \u00a0RETOUR \u00c1 L\u2019ESCLAVAGE ?"},"content":{"rendered":"\n<p>47, avenue de la R\u00e9sistance \u2013 Le si\u00e8ge d\u2019EMMA\u00dcS \u00e9tait interpell\u00e9 le 20 d\u00e9cembre dernier par la quarantaine de gr\u00e9vistes venus de Saint-Andr\u00e9-lez-Lille (59) pour d\u00e9noncer l\u2019esclavage subi au sein de la communaut\u00e9 Emma\u00fcs qui profite sans vergogne de leur travail sans papier, avec des semaines de 40 heures pay\u00e9es 150\u20ac par mois. Accompagn\u00e9s par l\u2019UL-CGT de Montreuil, ils se sont une nouvelle fois heurt\u00e9 \u00e0 une fin de non-recevoir des dirigeants de l\u2019association, alors que leur surexploitation \u00e9tait cens\u00e9e favoriser une aide \u00e0 leur r\u00e9gularisation administrative. EMMA\u00dcS sert-il de banc d\u2019essai aux effets futurs de la Loi Immigration \u00e0 peine vot\u00e9e ?\u00a0<\/p>\n","protected":false},"excerpt":{"rendered":"<p>47, avenue de la R\u00e9sistance \u2013 Le si\u00e8ge d\u2019EMMA\u00dcS \u00e9tait interpell\u00e9 le 20 d\u00e9cembre dernier par la quarantaine de gr\u00e9vistes venus de Saint-Andr\u00e9-lez-Lille (59) pour d\u00e9noncer l\u2019esclavage subi au sein de la communaut\u00e9 Emma\u00fcs qui profite sans vergogne de leur travail sans papier, avec des semaines de 40 heures pay\u00e9es 150\u20ac par mois. Accompagn\u00e9s par &hellip; <\/p>\n","protected":false},"author":19,"featured_media":0,"comment_status":"closed","ping_status":"open","sticky":false,"template":"","format":"standard","meta":{"footnotes":""},"categories":[2],"tags":[],"class_list":{"0":"entry","1":"post","2":"publish","3":"author-sebastien","4":"post-8419","6":"format-standard","7":"category-je-tu-ul"},"_links":{"self":[{"href":"https:\/\/www.lacgtmontreuil.fr\/index.php?rest_route=\/wp\/v2\/posts\/8419","targetHints":{"allow":["GET"]}}],"collection":[{"href":"https:\/\/www.lacgtmontreuil.fr\/index.php?rest_route=\/wp\/v2\/posts"}],"about":[{"href":"https:\/\/www.lacgtmontreuil.fr\/index.php?rest_route=\/wp\/v2\/types\/post"}],"author":[{"embeddable":true,"href":"https:\/\/www.lacgtmontreuil.fr\/index.php?rest_route=\/wp\/v2\/users\/19"}],"replies":[{"embeddable":true,"href":"https:\/\/www.lacgtmontreuil.fr\/index.php?rest_route=%2Fwp%2Fv2%2Fcomments&post=8419"}],"version-history":[{"count":1,"href":"https:\/\/www.lacgtmontreuil.fr\/index.php?rest_route=\/wp\/v2\/posts\/8419\/revisions"}],"predecessor-version":[{"id":8422,"href":"https:\/\/www.lacgtmontreuil.fr\/index.php?rest_route=\/wp\/v2\/posts\/8419\/revisions\/8422"}],"wp:attachment":[{"href":"https:\/\/www.lacgtmontreuil.fr\/index.php?rest_route=%2Fwp%2Fv2%2Fmedia&parent=8419"}],"wp:term":[{"taxonomy":"category","embeddable":true,"href":"https:\/\/www.lacgtmontreuil.fr\/index.php?rest_route=%2Fwp%2Fv2%2Fcategories&post=8419"},{"taxonomy":"post_tag","embeddable":true,"href":"https:\/\/www.lacgtmontreuil.fr\/index.php?rest_route=%2Fwp%2Fv2%2Ftags&post=8419"}],"curies":[{"name":"wp","href":"https:\/\/api.w.org\/{rel}","templated":true}]}}