{"id":837,"date":"2018-02-18T17:24:36","date_gmt":"2018-02-18T16:24:36","guid":{"rendered":"http:\/\/www.lacgtmontreuil.fr\/?p=837"},"modified":"2018-02-18T17:24:36","modified_gmt":"2018-02-18T16:24:36","slug":"je-tu-ul-debut-juillet-2013-n-133","status":"publish","type":"post","link":"https:\/\/www.lacgtmontreuil.fr\/?p=837","title":{"rendered":"Je, Tu, UL\u2026  D\u00e9but Juillet 2013  N\u00b0 133"},"content":{"rendered":"<p><strong> Les br\u00e8ves de l\u2019UL CGT de Montreuil, 24, rue de Paris<\/strong><\/p>\n<p><img loading=\"lazy\" decoding=\"async\" width=\"109\" height=\"155\" class=\"wp-image-838\" src=\"https:\/\/www.lacgtmontreuil.fr\/wp-content\/uploads\/2018\/02\/logo_cgt-95.jpeg\" alt=\"logo_cgt\" \/>\u00a0\u00a0 <strong>Je, Tu, UL\u2026\u00a0 D\u00e9but Juillet 2013\u00a0 N\u00b0 133<\/strong><\/p>\n<p><em>\u00ab\u00a0Retraite\u00a0: pas un euro en moins, pas un trimestre en plus\u00a0!\u00a0\u00bb <\/em><\/p>\n<p><strong>AVE CESAIRE\u00a0! :<\/strong> La place Aim\u00e9 C\u00e9saire a \u00e9t\u00e9 inaugur\u00e9e le 26 juin en C\u0153ur de Ville par Mesdames Voynet et Taubira. L\u2019occasion pour le syndicat des territoriaux CGT d\u2019interroger la premi\u00e8re sur sa mansu\u00e9tude vis-\u00e0-vis d\u2019une de ses adjointes qui avait trait\u00e9 de \u00ab\u00a0n\u00e9gro de service\u00a0\u00bb un agent de l\u2019Etat-Civil. D\u2019o\u00f9 l\u2019apostrophe du tract CGT\u00a0: \u00ab\u00a0notre hommage \u00e0 C\u00e9saire\u00a0: ne pas nous taire\u00a0!\u00a0\u00bb. \u00ab\u00a0Une civilisation qui ruse avec ses principes est une civilisation moribonde\u00a0\u00bb, \u00e9crivait le po\u00e8te et militant en 1950\u2026<\/p>\n<p><strong>L\u2019OR CACH\u00c9 DE LP ART :<\/strong> 274, rue de Rosny \u2013 Chez le transporteur montreuillois d\u2019\u0153uvres d\u2019art LP ART, les comptes v\u00e9rifi\u00e9s par la CGT font appara\u00eetre qu\u2019ann\u00e9es apr\u00e8s ann\u00e9es, le fruit du travail des salari\u00e9s s\u2019\u00e9vaporent vers la holding IRIS, log\u00e9e \u00e0 la m\u00eame adresse et qui emploie les 2 dirigeants de LP ART. D\u00e9cid\u00e9s \u00e0 s\u2019attaquer \u00e0 ce coffre-fort, les syndiqu\u00e9s ont donc mandat\u00e9 leurs \u00e9lus pour int\u00e9grer cette holding dans une unit\u00e9 \u00e9conomique et sociale, b\u00e9n\u00e9ficiant \u00e0 tous.<\/p>\n<p><strong>YEKARA PAIERA SON COUP\u00a0:<\/strong> 9, rue du Capitaine Dreyfus \u2013 La sandwicherie YEKARA avait mal dig\u00e9r\u00e9 le cong\u00e9 maternit\u00e9 de Sa\u00efda. A son retour, plus de travail, plus de salaire et\u2026 plus d\u2019employeur non plus. Epaul\u00e9e par la CGT, elle saisit donc le Conseil de Prud\u2019hommes de Bobigny et r\u00e9cup\u00e8re 5544 euros ainsi que les documents sociaux qui lui manquaient.<\/p>\n<p><strong>PRESQUE PRESCRITS\u00a0:<\/strong> 24, boulevard Paul Vaillant-Couturier \u2013 L\u2019association RUES ET CITES ayant coutume de ne pas respecter les r\u00e8gles conventionnelles relatives \u00e0 la r\u00e9mun\u00e9ration des travailleurs sociaux en \u00ab\u00a0transfert\u00a0\u00bb (s\u00e9jours avec nuits, etc&#8230;), la CGT entendait solder par la n\u00e9gociation le diff\u00e9rend. De son c\u00f4t\u00e9, la direction jouait la montre\u2026 comptant sur l\u2019ANI devenu loi le 17\/06, qui pr\u00e9voit (parmi bien d\u2019autres r\u00e9jouissances) de r\u00e9duire de 5 \u00e0 3 ans les d\u00e9lais de prescription en mati\u00e8re de rappel de salaires. Ils sont 6 \u00e0 avoir pris la loi de vitesse en d\u00e9posant avant le 1<sup>er<\/sup> juillet leurs dossiers aux prud\u2019hommes.<\/p>\n<p><strong>COUP DE TONNERRE CHEZ FRANKLIN :<\/strong> 15, rue Franklin \u2013 La toute jeune CGT de l\u2019h\u00f4tel FRANKLIN avait recueilli la signature de la totalit\u00e9 du personnel sur sa p\u00e9tition pour un 13<sup>\u00e8me<\/sup> mois. Face \u00e0 la direction, pr\u00eate \u00e0 arguer des contraintes financi\u00e8res, d\u00e9monstration a \u00e9t\u00e9 faite que d\u2019autres choix sont possibles que le renouvellement programm\u00e9 de l\u2019ensemble des salles de bain\u00a0: par exemple une n\u00e9gociation \u00ab\u00a0\u00e0 chaud\u00a0\u00bb pendant un d\u00e9brayage\u00a0!<\/p>\n","protected":false},"excerpt":{"rendered":"<p>Les br\u00e8ves de l\u2019UL CGT de Montreuil, 24, rue de Paris \u00a0\u00a0 Je, Tu, UL\u2026\u00a0 D\u00e9but Juillet 2013\u00a0 N\u00b0 133 \u00ab\u00a0Retraite\u00a0: pas un euro en moins, pas un trimestre en plus\u00a0!\u00a0\u00bb AVE CESAIRE\u00a0! : La place Aim\u00e9 C\u00e9saire a \u00e9t\u00e9 inaugur\u00e9e le 26 juin en C\u0153ur de Ville par Mesdames Voynet et Taubira. L\u2019occasion pour &hellip; <\/p>\n","protected":false},"author":1,"featured_media":0,"comment_status":"closed","ping_status":"open","sticky":false,"template":"","format":"standard","meta":{"footnotes":""},"categories":[2],"tags":[],"class_list":{"0":"entry","1":"post","2":"publish","3":"author-ulmontreuil","4":"post-837","6":"format-standard","7":"category-je-tu-ul"},"_links":{"self":[{"href":"https:\/\/www.lacgtmontreuil.fr\/index.php?rest_route=\/wp\/v2\/posts\/837","targetHints":{"allow":["GET"]}}],"collection":[{"href":"https:\/\/www.lacgtmontreuil.fr\/index.php?rest_route=\/wp\/v2\/posts"}],"about":[{"href":"https:\/\/www.lacgtmontreuil.fr\/index.php?rest_route=\/wp\/v2\/types\/post"}],"author":[{"embeddable":true,"href":"https:\/\/www.lacgtmontreuil.fr\/index.php?rest_route=\/wp\/v2\/users\/1"}],"replies":[{"embeddable":true,"href":"https:\/\/www.lacgtmontreuil.fr\/index.php?rest_route=%2Fwp%2Fv2%2Fcomments&post=837"}],"version-history":[{"count":1,"href":"https:\/\/www.lacgtmontreuil.fr\/index.php?rest_route=\/wp\/v2\/posts\/837\/revisions"}],"predecessor-version":[{"id":839,"href":"https:\/\/www.lacgtmontreuil.fr\/index.php?rest_route=\/wp\/v2\/posts\/837\/revisions\/839"}],"wp:attachment":[{"href":"https:\/\/www.lacgtmontreuil.fr\/index.php?rest_route=%2Fwp%2Fv2%2Fmedia&parent=837"}],"wp:term":[{"taxonomy":"category","embeddable":true,"href":"https:\/\/www.lacgtmontreuil.fr\/index.php?rest_route=%2Fwp%2Fv2%2Fcategories&post=837"},{"taxonomy":"post_tag","embeddable":true,"href":"https:\/\/www.lacgtmontreuil.fr\/index.php?rest_route=%2Fwp%2Fv2%2Ftags&post=837"}],"curies":[{"name":"wp","href":"https:\/\/api.w.org\/{rel}","templated":true}]}}