{"id":8365,"date":"2023-12-09T17:58:50","date_gmt":"2023-12-09T16:58:50","guid":{"rendered":"https:\/\/www.lacgtmontreuil.fr\/?p=8365"},"modified":"2023-12-09T17:58:50","modified_gmt":"2023-12-09T16:58:50","slug":"je-tu-ul-n455-touche-pas-a-ma-poste","status":"publish","type":"post","link":"https:\/\/www.lacgtmontreuil.fr\/?p=8365","title":{"rendered":"Je, Tu, UL n\u00b0455 &#8211; \u00a0TOUCHE PAS \u00c1 MA POSTE"},"content":{"rendered":"\n<p>15, place du G\u00e9n\u00e9ral de Gaulle \u2013 Devant LA POSTE de la Noue, c\u2019est une p\u00e9tition \u00e0 succ\u00e8s qui a r\u00e9uni usager-e-s du quartier et syndicalistes CGT et Solidaires de La Poste le 28 novembre dernier, contre l\u2019annonce de la fermeture du bureau de midi \u00e0 14h00. Une seconde plage de fermeture serait pr\u00e9vue en soir\u00e9e, alors que le bureau, accol\u00e9 \u00e0 un centre commercial, devrait desservir bient\u00f4t une population croissante et l\u2019arriv\u00e9e de 2 tribunaux importants \u00e0 proximit\u00e9.\u00a0<\/p>\n","protected":false},"excerpt":{"rendered":"<p>15, place du G\u00e9n\u00e9ral de Gaulle \u2013 Devant LA POSTE de la Noue, c\u2019est une p\u00e9tition \u00e0 succ\u00e8s qui a r\u00e9uni usager-e-s du quartier et syndicalistes CGT et Solidaires de La Poste le 28 novembre dernier, contre l\u2019annonce de la fermeture du bureau de midi \u00e0 14h00. Une seconde plage de fermeture serait pr\u00e9vue en &hellip; <\/p>\n","protected":false},"author":19,"featured_media":0,"comment_status":"closed","ping_status":"open","sticky":false,"template":"","format":"standard","meta":{"footnotes":""},"categories":[2],"tags":[],"class_list":{"0":"entry","1":"post","2":"publish","3":"author-sebastien","4":"post-8365","6":"format-standard","7":"category-je-tu-ul"},"_links":{"self":[{"href":"https:\/\/www.lacgtmontreuil.fr\/index.php?rest_route=\/wp\/v2\/posts\/8365","targetHints":{"allow":["GET"]}}],"collection":[{"href":"https:\/\/www.lacgtmontreuil.fr\/index.php?rest_route=\/wp\/v2\/posts"}],"about":[{"href":"https:\/\/www.lacgtmontreuil.fr\/index.php?rest_route=\/wp\/v2\/types\/post"}],"author":[{"embeddable":true,"href":"https:\/\/www.lacgtmontreuil.fr\/index.php?rest_route=\/wp\/v2\/users\/19"}],"replies":[{"embeddable":true,"href":"https:\/\/www.lacgtmontreuil.fr\/index.php?rest_route=%2Fwp%2Fv2%2Fcomments&post=8365"}],"version-history":[{"count":1,"href":"https:\/\/www.lacgtmontreuil.fr\/index.php?rest_route=\/wp\/v2\/posts\/8365\/revisions"}],"predecessor-version":[{"id":8368,"href":"https:\/\/www.lacgtmontreuil.fr\/index.php?rest_route=\/wp\/v2\/posts\/8365\/revisions\/8368"}],"wp:attachment":[{"href":"https:\/\/www.lacgtmontreuil.fr\/index.php?rest_route=%2Fwp%2Fv2%2Fmedia&parent=8365"}],"wp:term":[{"taxonomy":"category","embeddable":true,"href":"https:\/\/www.lacgtmontreuil.fr\/index.php?rest_route=%2Fwp%2Fv2%2Fcategories&post=8365"},{"taxonomy":"post_tag","embeddable":true,"href":"https:\/\/www.lacgtmontreuil.fr\/index.php?rest_route=%2Fwp%2Fv2%2Ftags&post=8365"}],"curies":[{"name":"wp","href":"https:\/\/api.w.org\/{rel}","templated":true}]}}