{"id":8353,"date":"2023-12-09T17:57:35","date_gmt":"2023-12-09T16:57:35","guid":{"rendered":"https:\/\/www.lacgtmontreuil.fr\/?p=8353"},"modified":"2023-12-09T17:59:51","modified_gmt":"2023-12-09T16:59:51","slug":"je-tu-ul-n-455-chasse-a-cour","status":"publish","type":"post","link":"https:\/\/www.lacgtmontreuil.fr\/?p=8353","title":{"rendered":"Je, Tu, UL n\u00b0 455 &#8211; CHASSE \u00c1 COUR"},"content":{"rendered":"\n<p>35, rue Cuvier \u2013 La COUR NATIONALE DU DROIT D\u2019ASILE \u00e9tait en gr\u00e8ve le 29 novembre contre la maltraitance subie \u00e0 la fois par cette juridiction administrative la plus charg\u00e9e de France, ses personnels et ses justiciables (+200 nouveaux dossiers par jour). Le projet de loi Darmanin qui pr\u00e9tend ajouter une \u00e9ni\u00e8me r\u00e9forme \u00e0 cette Cour qui travaille d\u00e9j\u00e0 \u00e0 flux tendu, n\u2019oublie qu\u2019une chose : les moyens juridiques, humains et financiers, toujours en berne. La CGT r\u00e9clame au contraire la reconnaissance salariale des secr\u00e9taires d\u2019audience et des non-titulaires, la cr\u00e9ation de concours pour recruter des rapporteurs, la diminution de la charge de travail et l\u2019int\u00e9gration des rapporteur-e-s \u00e0 l\u2019instruction des dossiers.\u00a0<\/p>\n","protected":false},"excerpt":{"rendered":"<p>35, rue Cuvier \u2013 La COUR NATIONALE DU DROIT D\u2019ASILE \u00e9tait en gr\u00e8ve le 29 novembre contre la maltraitance subie \u00e0 la fois par cette juridiction administrative la plus charg\u00e9e de France, ses personnels et ses justiciables (+200 nouveaux dossiers par jour). Le projet de loi Darmanin qui pr\u00e9tend ajouter une \u00e9ni\u00e8me r\u00e9forme \u00e0 cette &hellip; <\/p>\n","protected":false},"author":19,"featured_media":0,"comment_status":"closed","ping_status":"open","sticky":false,"template":"","format":"standard","meta":{"footnotes":""},"categories":[2],"tags":[],"class_list":{"0":"entry","1":"post","2":"publish","3":"author-sebastien","4":"post-8353","6":"format-standard","7":"category-je-tu-ul"},"_links":{"self":[{"href":"https:\/\/www.lacgtmontreuil.fr\/index.php?rest_route=\/wp\/v2\/posts\/8353","targetHints":{"allow":["GET"]}}],"collection":[{"href":"https:\/\/www.lacgtmontreuil.fr\/index.php?rest_route=\/wp\/v2\/posts"}],"about":[{"href":"https:\/\/www.lacgtmontreuil.fr\/index.php?rest_route=\/wp\/v2\/types\/post"}],"author":[{"embeddable":true,"href":"https:\/\/www.lacgtmontreuil.fr\/index.php?rest_route=\/wp\/v2\/users\/19"}],"replies":[{"embeddable":true,"href":"https:\/\/www.lacgtmontreuil.fr\/index.php?rest_route=%2Fwp%2Fv2%2Fcomments&post=8353"}],"version-history":[{"count":2,"href":"https:\/\/www.lacgtmontreuil.fr\/index.php?rest_route=\/wp\/v2\/posts\/8353\/revisions"}],"predecessor-version":[{"id":8377,"href":"https:\/\/www.lacgtmontreuil.fr\/index.php?rest_route=\/wp\/v2\/posts\/8353\/revisions\/8377"}],"wp:attachment":[{"href":"https:\/\/www.lacgtmontreuil.fr\/index.php?rest_route=%2Fwp%2Fv2%2Fmedia&parent=8353"}],"wp:term":[{"taxonomy":"category","embeddable":true,"href":"https:\/\/www.lacgtmontreuil.fr\/index.php?rest_route=%2Fwp%2Fv2%2Fcategories&post=8353"},{"taxonomy":"post_tag","embeddable":true,"href":"https:\/\/www.lacgtmontreuil.fr\/index.php?rest_route=%2Fwp%2Fv2%2Ftags&post=8353"}],"curies":[{"name":"wp","href":"https:\/\/api.w.org\/{rel}","templated":true}]}}