{"id":834,"date":"2018-02-18T17:22:43","date_gmt":"2018-02-18T16:22:43","guid":{"rendered":"http:\/\/www.lacgtmontreuil.fr\/?p=834"},"modified":"2018-02-18T17:22:43","modified_gmt":"2018-02-18T16:22:43","slug":"je-tu-ul-fin-juin-2013-n-132","status":"publish","type":"post","link":"https:\/\/www.lacgtmontreuil.fr\/?p=834","title":{"rendered":"Je, Tu, UL\u2026  Fin Juin 2013  N\u00b0 132"},"content":{"rendered":"<p><strong> Les br\u00e8ves de l\u2019UL CGT de Montreuil, 24, rue de Paris<\/strong><\/p>\n<p><img loading=\"lazy\" decoding=\"async\" width=\"109\" height=\"155\" class=\"wp-image-835\" src=\"https:\/\/www.lacgtmontreuil.fr\/wp-content\/uploads\/2018\/02\/logo_cgt-94.jpeg\" alt=\"logo_cgt\" \/>\u00a0\u00a0 <strong>Je, Tu, UL\u2026\u00a0 Fin Juin 2013\u00a0 N\u00b0 132<\/strong><\/p>\n<p><em>\u00ab\u00a0March\u00e9s rassur\u00e9s, ch\u00f4mage assur\u00e9s\u00a0\u00bb <\/em><\/p>\n<p><strong>L\u2019\u00c9GALIT\u00c9, TOUT LE MONDE Y GAGNE :<\/strong> 13, place G\u00e9n\u00e9ral De Gaulle \u2013 L\u2019AFPA met \u00e0 la signature un projet d\u2019accord sur l\u2019\u00e9galit\u00e9 professionnelle et salariale entre hommes et femmes. Pour l\u2019AG des syndiqu\u00e9-e-s CGT de l\u2019AFPA, c\u2019est un feu vert pour la signature\u00a0: suppression des \u00e9carts sur 3 ans, proc\u00e9dures de recours, prise en charge des frais de garde d\u2019enfants, doublement des jours d\u2019absence pour les enfants malades de familles monoparentales etc\u2026 Un train de mesures que la CGT consid\u00e8re comme autant de points d\u2019appui pour de futures conqu\u00eates.<\/p>\n<p><strong>SYNDICALISME INT\u00c9RESS\u00c9\u00a0:<\/strong> 2, Place Le Morillon \u2013 LIDL avait supprim\u00e9 l\u2019int\u00e9ressement l\u2019an dernier en raison de la m\u00e9vente de sa viande hach\u00e9e. Cette ann\u00e9e, pas d\u2019explication, mais toujours pas d\u2019int\u00e9ressement aux b\u00e9n\u00e9fices pour les salari\u00e9-e-s. D\u2019o\u00f9 la p\u00e9tition lanc\u00e9e par la CGT \u00ab\u00a0des sous pour nos vacances\u00a0\u00bb et qui tourne dans les magasins de l\u2019enseigne, pour compenser le manque \u00e0 gagner.<\/p>\n<p><strong>L\u2019ALERTE TOURNE AU VINAIGRE\u00a0:<\/strong> 10, rue Parmentier \u2013 Au CIDEFE, la formation n\u2019adoucit pas les m\u0153urs. Depuis octobre 2012, les d\u00e9l\u00e9gu\u00e9s CGT exercent leur droit d\u2019alerte contre les atteintes dont ils et elles sont victimes de la part du directeur. Le 3 juin, c\u2019est par un coup de pied que ce dernier accueille notre camarade Boris MILISAVLEVIC. Plainte a \u00e9t\u00e9 d\u00e9pos\u00e9e et son agresseur en a \u00e9t\u00e9 quitte pour un tour au commissariat, dans l\u2019attente de la d\u00e9cision du Procureur.<\/p>\n<p><strong>FRANKLIN ET SES AMIS\u00a0:<\/strong> 15-19, rue Franklin \u2013 Malgr\u00e9 une repr\u00e9sentativit\u00e9 de 100% \u00e9tablie il y a un an lors des \u00e9lections, l\u2019h\u00f4tel FRANKLIN fait de la r\u00e9sistance\u00a0: la direction n\u2019a toujours pas formalis\u00e9 la mise en place de la section syndicale et continue \u00e0 s\u2019opposer aux affichages CGT. Pour faire cesser ces entraves, notre camarade Nezha BOUCHENAK vient d\u2019\u00eatre d\u00e9sign\u00e9e comme d\u00e9l\u00e9gu\u00e9e syndicale pour l\u2019h\u00f4tel.<\/p>\n<p><strong>LE VOTE DES SYNDIQU\u00c9S :<\/strong> 51-63, rue Gaston Lauriau \u2013 A la CAMIEG, la continuit\u00e9 syndicale s\u2019organise d\u00e9mocratiquement apr\u00e8s le d\u00e9part de notre camarade Marie-Jeanne MANTELIN en d\u00e9but de mois. Une consultation \u00e9lectronique rapide des syndiqu\u00e9-e-s, dont beaucoup r\u00e9sident en province, a d\u00e9sign\u00e9 notre camarade Mary GIORDANI comme nouvelle mandat\u00e9e au sein de cet organisme de s\u00e9curit\u00e9 sociale.<\/p>\n","protected":false},"excerpt":{"rendered":"<p>Les br\u00e8ves de l\u2019UL CGT de Montreuil, 24, rue de Paris \u00a0\u00a0 Je, Tu, UL\u2026\u00a0 Fin Juin 2013\u00a0 N\u00b0 132 \u00ab\u00a0March\u00e9s rassur\u00e9s, ch\u00f4mage assur\u00e9s\u00a0\u00bb L\u2019\u00c9GALIT\u00c9, TOUT LE MONDE Y GAGNE : 13, place G\u00e9n\u00e9ral De Gaulle \u2013 L\u2019AFPA met \u00e0 la signature un projet d\u2019accord sur l\u2019\u00e9galit\u00e9 professionnelle et salariale entre hommes et femmes. Pour &hellip; <\/p>\n","protected":false},"author":1,"featured_media":0,"comment_status":"closed","ping_status":"open","sticky":false,"template":"","format":"standard","meta":{"footnotes":""},"categories":[2],"tags":[],"class_list":{"0":"entry","1":"post","2":"publish","3":"author-ulmontreuil","4":"post-834","6":"format-standard","7":"category-je-tu-ul"},"_links":{"self":[{"href":"https:\/\/www.lacgtmontreuil.fr\/index.php?rest_route=\/wp\/v2\/posts\/834","targetHints":{"allow":["GET"]}}],"collection":[{"href":"https:\/\/www.lacgtmontreuil.fr\/index.php?rest_route=\/wp\/v2\/posts"}],"about":[{"href":"https:\/\/www.lacgtmontreuil.fr\/index.php?rest_route=\/wp\/v2\/types\/post"}],"author":[{"embeddable":true,"href":"https:\/\/www.lacgtmontreuil.fr\/index.php?rest_route=\/wp\/v2\/users\/1"}],"replies":[{"embeddable":true,"href":"https:\/\/www.lacgtmontreuil.fr\/index.php?rest_route=%2Fwp%2Fv2%2Fcomments&post=834"}],"version-history":[{"count":1,"href":"https:\/\/www.lacgtmontreuil.fr\/index.php?rest_route=\/wp\/v2\/posts\/834\/revisions"}],"predecessor-version":[{"id":836,"href":"https:\/\/www.lacgtmontreuil.fr\/index.php?rest_route=\/wp\/v2\/posts\/834\/revisions\/836"}],"wp:attachment":[{"href":"https:\/\/www.lacgtmontreuil.fr\/index.php?rest_route=%2Fwp%2Fv2%2Fmedia&parent=834"}],"wp:term":[{"taxonomy":"category","embeddable":true,"href":"https:\/\/www.lacgtmontreuil.fr\/index.php?rest_route=%2Fwp%2Fv2%2Fcategories&post=834"},{"taxonomy":"post_tag","embeddable":true,"href":"https:\/\/www.lacgtmontreuil.fr\/index.php?rest_route=%2Fwp%2Fv2%2Ftags&post=834"}],"curies":[{"name":"wp","href":"https:\/\/api.w.org\/{rel}","templated":true}]}}