{"id":831,"date":"2018-02-18T17:21:04","date_gmt":"2018-02-18T16:21:04","guid":{"rendered":"http:\/\/www.lacgtmontreuil.fr\/?p=831"},"modified":"2018-02-18T17:21:04","modified_gmt":"2018-02-18T16:21:04","slug":"je-tu-ul-mi-juin-2013-n-131","status":"publish","type":"post","link":"https:\/\/www.lacgtmontreuil.fr\/?p=831","title":{"rendered":"Je, Tu, UL\u2026  Mi-Juin 2013  N\u00b0 131"},"content":{"rendered":"<p><strong> Les br\u00e8ves de l\u2019UL CGT de Montreuil, 24, rue de Paris<\/strong><\/p>\n<p><img loading=\"lazy\" decoding=\"async\" width=\"109\" height=\"155\" class=\"wp-image-832\" src=\"https:\/\/www.lacgtmontreuil.fr\/wp-content\/uploads\/2018\/02\/logo_cgt-93.jpeg\" alt=\"logo_cgt\" \/>\u00a0\u00a0 <strong>Je, Tu, UL\u2026\u00a0 Mi-Juin 2013\u00a0 N\u00b0 131<\/strong><\/p>\n<p><em>\u00ab\u00a0Retraites\u00a0: d\u00e9parts retard\u00e9s, morts pr\u00e9matur\u00e9s\u00a0\u00bb <\/em><\/p>\n<p><strong>TEX, MENSONGES ET BOL\u00c9ROS :<\/strong> 280, rue de Paris \u2013 Le groupe CARREFOUR, interpel\u00e9 par la CGT sur les \u00e9tiquettes TEX retrouv\u00e9es en avril dernier au milieu du millier de cadavres d\u2019ouvri\u00e8res, apr\u00e8s l\u2019effondrement du Rana Plaza au Bengladesh\u2026 explique qu\u2019il est victime de contrefa\u00e7ons de sa marque de v\u00eatements. M\u00eame CAMA\u00cfEU a finalement accept\u00e9 le principe d\u2019une indemnisation des victimes\u00a0! La collection TEX 2013 n\u2019avait pas pr\u00e9vu de linceuls pour l\u2019\u00e9t\u00e9.<\/p>\n<p><strong>DE L\u2019\u00c9PICERIE \u00c1 L\u2019ESCROQUERIE\u00a0:<\/strong> 92, boulevard Chanzy \u2013 L\u2019Association Auxiliaire Emploi Service faisait m\u00e9tier d\u2019\u00e9picerie \u00ab\u00a0sociale\u00a0\u00bb jusqu\u2019au 15 mai dernier, date d\u2019une intervention polici\u00e8re motiv\u00e9e par la disparition d\u2019un million d\u2019euros et de la direction. Malgr\u00e9 une publicit\u00e9 vantant un engagement \u00ab\u00a0durable, solidaire et \u00e9quitable\u00a0\u00bb, la salari\u00e9e de l\u2019association se trouve depuis, sans salaire ni document pour faire valoir ses droits. Un vide juridique et social inacceptable auquel l\u2019UL-CGT entend rem\u00e9dier.<\/p>\n<p><strong>L\u2019AFASER D\u00c9PHAS\u00c9E\u00a0?\u00a0:<\/strong> 36, rue des Papillons \u2013 Au Foyer AFASER, la direction menace le personnel \u2013 travailleurs sociaux pour la plupart \u2013 de \u00ab\u00a0tirer les cons\u00e9quences des irr\u00e9gularit\u00e9s\u00a0\u00bb constat\u00e9es dans leurs dossiers individuels. Horreur\u00a0! Il y manquerait en effet 2 photos ou une lettre de motivation, ce qui justifierait des sanctions disciplinaires. La section CGT r\u00e9clame bien s\u00fbr, avant tout engagement de proc\u00e9dure, que la direction fasse l\u2019avance des frais de photomatons pour celles et ceux qui accepteraient de se soumettre \u00e0 l\u2019injonction.<\/p>\n<p><strong>L\u2019UES SANS COUTURE\u00a0:<\/strong> 5, rue du Marais \u2013 L\u2019UES DAVID-A PART \u00c7A a connu le 7 juin l\u2019\u00e9pilogue de la mise en place des d\u00e9l\u00e9gu\u00e9s du personnel, avec l\u2019\u00e9lection au premier tour, apr\u00e8s une premi\u00e8re annulation, de notre camarade Christine DA CUNHA, aussit\u00f4t d\u00e9sign\u00e9e comme d\u00e9l\u00e9gu\u00e9e syndicale CGT de l\u2019UES de confection. Prochaine \u00e9tape\u00a0: la n\u00e9gociation annuelle sur les salaires et le rapprochement des 2 conventions collectives.<\/p>\n<p><strong>EMBAUCHES \u00c1 CERTIFIER :<\/strong> 66, rue Marceau \u2013 Chez SANTE SERVICE, c\u2019est CGT en t\u00eate que l\u2019Intersyndicale exige des embauches avant la proc\u00e9dure de certification. Face \u00e0 la pression, la direction avait tent\u00e9 de d\u00e9samorcer la crise en promettant un peu d\u2019int\u00e9rim et de CDD\u2026 si la certification se passait sans conflit. R\u00e9sultat inverse puisque, tous syndicats confondus, la revendication d\u2019embauches r\u00e9elles se double d\u2019une menace de d\u00e9brayage tournant.<\/p>\n","protected":false},"excerpt":{"rendered":"<p>Les br\u00e8ves de l\u2019UL CGT de Montreuil, 24, rue de Paris \u00a0\u00a0 Je, Tu, UL\u2026\u00a0 Mi-Juin 2013\u00a0 N\u00b0 131 \u00ab\u00a0Retraites\u00a0: d\u00e9parts retard\u00e9s, morts pr\u00e9matur\u00e9s\u00a0\u00bb TEX, MENSONGES ET BOL\u00c9ROS : 280, rue de Paris \u2013 Le groupe CARREFOUR, interpel\u00e9 par la CGT sur les \u00e9tiquettes TEX retrouv\u00e9es en avril dernier au milieu du millier de cadavres &hellip; <\/p>\n","protected":false},"author":1,"featured_media":0,"comment_status":"closed","ping_status":"open","sticky":false,"template":"","format":"standard","meta":{"footnotes":""},"categories":[2],"tags":[],"class_list":{"0":"entry","1":"post","2":"publish","3":"author-ulmontreuil","4":"post-831","6":"format-standard","7":"category-je-tu-ul"},"_links":{"self":[{"href":"https:\/\/www.lacgtmontreuil.fr\/index.php?rest_route=\/wp\/v2\/posts\/831","targetHints":{"allow":["GET"]}}],"collection":[{"href":"https:\/\/www.lacgtmontreuil.fr\/index.php?rest_route=\/wp\/v2\/posts"}],"about":[{"href":"https:\/\/www.lacgtmontreuil.fr\/index.php?rest_route=\/wp\/v2\/types\/post"}],"author":[{"embeddable":true,"href":"https:\/\/www.lacgtmontreuil.fr\/index.php?rest_route=\/wp\/v2\/users\/1"}],"replies":[{"embeddable":true,"href":"https:\/\/www.lacgtmontreuil.fr\/index.php?rest_route=%2Fwp%2Fv2%2Fcomments&post=831"}],"version-history":[{"count":1,"href":"https:\/\/www.lacgtmontreuil.fr\/index.php?rest_route=\/wp\/v2\/posts\/831\/revisions"}],"predecessor-version":[{"id":833,"href":"https:\/\/www.lacgtmontreuil.fr\/index.php?rest_route=\/wp\/v2\/posts\/831\/revisions\/833"}],"wp:attachment":[{"href":"https:\/\/www.lacgtmontreuil.fr\/index.php?rest_route=%2Fwp%2Fv2%2Fmedia&parent=831"}],"wp:term":[{"taxonomy":"category","embeddable":true,"href":"https:\/\/www.lacgtmontreuil.fr\/index.php?rest_route=%2Fwp%2Fv2%2Fcategories&post=831"},{"taxonomy":"post_tag","embeddable":true,"href":"https:\/\/www.lacgtmontreuil.fr\/index.php?rest_route=%2Fwp%2Fv2%2Ftags&post=831"}],"curies":[{"name":"wp","href":"https:\/\/api.w.org\/{rel}","templated":true}]}}