{"id":8293,"date":"2023-11-25T16:09:57","date_gmt":"2023-11-25T15:09:57","guid":{"rendered":"https:\/\/www.lacgtmontreuil.fr\/?p=8293"},"modified":"2023-11-25T16:09:58","modified_gmt":"2023-11-25T15:09:58","slug":"je-tu-ul-n454-poste-restante","status":"publish","type":"post","link":"https:\/\/www.lacgtmontreuil.fr\/?p=8293","title":{"rendered":"Je, Tu, UL n\u00b0454 &#8211; POSTE RESTANTE"},"content":{"rendered":"15, place du G\u00e9n\u00e9ral De Gaulle \u2013 LA POSTE de La Noue annonce sa fermeture de 12h \u00e0 14h, afin de r\u00e9duire les co\u00fbts. La CGT d\u00e9nonce cette rupture de la continuit\u00e9 du service public, au d\u00e9triment des usagers et des postiers eux-m\u00eames. Mardi 28 novembre, la FAPT CGT donne rendez-vous \u00e0 la population devant le bureau de poste \u00e0 partir de 11h00 pour lancer la p\u00e9tition contre le r\u00e9tr\u00e9cissement des horaires d\u2019ouverture.","protected":false},"excerpt":{"rendered":"<p>15, place du G\u00e9n\u00e9ral De Gaulle \u2013 LA POSTE de La Noue annonce sa fermeture de 12h \u00e0 14h, afin de r\u00e9duire les co\u00fbts. La CGT d\u00e9nonce cette rupture de la continuit\u00e9 du service public, au d\u00e9triment des usagers et des postiers eux-m\u00eames. Mardi 28 novembre, la FAPT CGT donne rendez-vous \u00e0 la population devant &hellip; <\/p>\n","protected":false},"author":19,"featured_media":0,"comment_status":"closed","ping_status":"open","sticky":false,"template":"","format":"standard","meta":{"footnotes":""},"categories":[2],"tags":[],"class_list":{"0":"entry","1":"post","2":"publish","3":"author-sebastien","4":"post-8293","6":"format-standard","7":"category-je-tu-ul"},"_links":{"self":[{"href":"https:\/\/www.lacgtmontreuil.fr\/index.php?rest_route=\/wp\/v2\/posts\/8293","targetHints":{"allow":["GET"]}}],"collection":[{"href":"https:\/\/www.lacgtmontreuil.fr\/index.php?rest_route=\/wp\/v2\/posts"}],"about":[{"href":"https:\/\/www.lacgtmontreuil.fr\/index.php?rest_route=\/wp\/v2\/types\/post"}],"author":[{"embeddable":true,"href":"https:\/\/www.lacgtmontreuil.fr\/index.php?rest_route=\/wp\/v2\/users\/19"}],"replies":[{"embeddable":true,"href":"https:\/\/www.lacgtmontreuil.fr\/index.php?rest_route=%2Fwp%2Fv2%2Fcomments&post=8293"}],"version-history":[{"count":1,"href":"https:\/\/www.lacgtmontreuil.fr\/index.php?rest_route=\/wp\/v2\/posts\/8293\/revisions"}],"predecessor-version":[{"id":8296,"href":"https:\/\/www.lacgtmontreuil.fr\/index.php?rest_route=\/wp\/v2\/posts\/8293\/revisions\/8296"}],"wp:attachment":[{"href":"https:\/\/www.lacgtmontreuil.fr\/index.php?rest_route=%2Fwp%2Fv2%2Fmedia&parent=8293"}],"wp:term":[{"taxonomy":"category","embeddable":true,"href":"https:\/\/www.lacgtmontreuil.fr\/index.php?rest_route=%2Fwp%2Fv2%2Fcategories&post=8293"},{"taxonomy":"post_tag","embeddable":true,"href":"https:\/\/www.lacgtmontreuil.fr\/index.php?rest_route=%2Fwp%2Fv2%2Ftags&post=8293"}],"curies":[{"name":"wp","href":"https:\/\/api.w.org\/{rel}","templated":true}]}}