{"id":8283,"date":"2023-11-18T21:34:20","date_gmt":"2023-11-18T20:34:20","guid":{"rendered":"https:\/\/www.lacgtmontreuil.fr\/?p=8283"},"modified":"2023-11-18T21:34:20","modified_gmt":"2023-11-18T20:34:20","slug":"je-tu-ul-n453-comme-a-la-maison","status":"publish","type":"post","link":"https:\/\/www.lacgtmontreuil.fr\/?p=8283","title":{"rendered":"Je, Tu, UL n\u00b0453 &#8211; COMME \u00c1 LA MAISON"},"content":{"rendered":"111, avenue du Pr\u00e9sident Wilson \u2013 LA MAISON DES VERGERS, \u00e9tablissement du groupe d\u2019EHPAD \u00ab ISATIS \u00bb aura une nouvelle d\u00e9l\u00e9gu\u00e9e syndicale CGT. C\u2019est notre camarade Lamia BABOU qui a \u00e9t\u00e9 d\u00e9sign\u00e9e pour animer l\u2019\u00e9quipe militante.","protected":false},"excerpt":{"rendered":"<p>111, avenue du Pr\u00e9sident Wilson \u2013 LA MAISON DES VERGERS, \u00e9tablissement du groupe d\u2019EHPAD \u00ab ISATIS \u00bb aura une nouvelle d\u00e9l\u00e9gu\u00e9e syndicale CGT. C\u2019est notre camarade Lamia BABOU qui a \u00e9t\u00e9 d\u00e9sign\u00e9e pour animer l\u2019\u00e9quipe militante.<\/p>\n","protected":false},"author":19,"featured_media":0,"comment_status":"closed","ping_status":"open","sticky":false,"template":"","format":"standard","meta":{"footnotes":""},"categories":[2],"tags":[],"class_list":{"0":"entry","1":"post","2":"publish","3":"author-sebastien","4":"post-8283","6":"format-standard","7":"category-je-tu-ul"},"_links":{"self":[{"href":"https:\/\/www.lacgtmontreuil.fr\/index.php?rest_route=\/wp\/v2\/posts\/8283","targetHints":{"allow":["GET"]}}],"collection":[{"href":"https:\/\/www.lacgtmontreuil.fr\/index.php?rest_route=\/wp\/v2\/posts"}],"about":[{"href":"https:\/\/www.lacgtmontreuil.fr\/index.php?rest_route=\/wp\/v2\/types\/post"}],"author":[{"embeddable":true,"href":"https:\/\/www.lacgtmontreuil.fr\/index.php?rest_route=\/wp\/v2\/users\/19"}],"replies":[{"embeddable":true,"href":"https:\/\/www.lacgtmontreuil.fr\/index.php?rest_route=%2Fwp%2Fv2%2Fcomments&post=8283"}],"version-history":[{"count":1,"href":"https:\/\/www.lacgtmontreuil.fr\/index.php?rest_route=\/wp\/v2\/posts\/8283\/revisions"}],"predecessor-version":[{"id":8286,"href":"https:\/\/www.lacgtmontreuil.fr\/index.php?rest_route=\/wp\/v2\/posts\/8283\/revisions\/8286"}],"wp:attachment":[{"href":"https:\/\/www.lacgtmontreuil.fr\/index.php?rest_route=%2Fwp%2Fv2%2Fmedia&parent=8283"}],"wp:term":[{"taxonomy":"category","embeddable":true,"href":"https:\/\/www.lacgtmontreuil.fr\/index.php?rest_route=%2Fwp%2Fv2%2Fcategories&post=8283"},{"taxonomy":"post_tag","embeddable":true,"href":"https:\/\/www.lacgtmontreuil.fr\/index.php?rest_route=%2Fwp%2Fv2%2Ftags&post=8283"}],"curies":[{"name":"wp","href":"https:\/\/api.w.org\/{rel}","templated":true}]}}